{"id":34969,"date":"2024-11-13T09:10:00","date_gmt":"2024-11-13T08:10:00","guid":{"rendered":"https:\/\/gastronova.eu\/roam-wine-food-truck-kompaktni\/"},"modified":"2025-06-12T09:04:02","modified_gmt":"2025-06-12T07:04:02","slug":"roam-wine-food-truck-kompaktni","status":"publish","type":"post","link":"https:\/\/gastronova.eu\/cs\/roam-wine-food-truck-kompaktni\/","title":{"rendered":"ROAM Wine | food truck a gastro pr\u00edves &#8211; Kompaktn\u00ed"},"content":{"rendered":"\t\t<div data-elementor-type=\"wp-post\" data-elementor-id=\"34969\" class=\"elementor elementor-34969 elementor-29059\" data-elementor-post-type=\"post\">\n\t\t\t\t<div class=\"wd-negative-gap elementor-element elementor-element-3ef6917 e-flex e-con-boxed e-con e-parent\" data-id=\"3ef6917\" data-element_type=\"container\">\n\t\t\t\t\t<div class=\"e-con-inner\">\n\t\t\t\t<div class=\"elementor-element elementor-element-19f9a6b color-scheme-inherit text-left elementor-widget elementor-widget-text-editor\" data-id=\"19f9a6b\" data-element_type=\"widget\" data-widget_type=\"text-editor.default\">\n\t\t\t\t<div class=\"elementor-widget-container\">\n\t\t\t\t\t\t\t\t\t<p id=\"foo\" class=\"tAaif jkMRy\" data-pm-slice=\"1 1 []\">P\u0159edstavte si, \u017ee se ocitnete na proslun\u011bn\u00e9m festivalu, kde mezi davem elegantn\u00edch food truck a gastro pr\u00edves\u016f jeden doslova z\u00e1\u0159\u00ed &#8211; je to ROAM Wine Collective. Tento food truck a gastro pr\u00edves nen\u00ed jen oby\u010dejn\u00fd poj\u00edzdn\u00fd vinn\u00fd v\u016fz, je to z\u00e1\u017eitek, kter\u00fd v sob\u011b spojuje prvot\u0159\u00eddn\u00ed v\u00edna, kr\u00e1sn\u00fd design a p\u0159\u00e1telskou atmosf\u00e9ru. <\/p>\n<p id=\"8iru536\" class=\"tAaif jkMRy\" data-pm-slice=\"1 1 []\"><span data-hook=\"foreground-color\"><strong>Od n\u00e1padu k luxusn\u00edmu mobiln\u00edmu baru<\/strong> <\/span><\/p>\n<p id=\"w6e2t270\" class=\"tAaif jkMRy\"><span data-hook=\"foreground-color\">Spole\u010dnost ROAM Wine Collective vznikla s c\u00edlem p\u0159in\u00e1\u0161et kvalitn\u00ed v\u00edna p\u0159\u00edmo lidem na nejkr\u00e1sn\u011bj\u0161\u00edch akc\u00edch a m\u00edstech. food truck a gastro pr\u00edves s leskl\u00fdm exteri\u00e9rem zaujme na prvn\u00ed pohled a l\u00e1k\u00e1 n\u00e1v\u0161t\u011bvn\u00edky na nezapomenuteln\u00e9 degusta\u010dn\u00ed z\u00e1\u017eitky. Design kamionu byl pe\u010dliv\u011b vytvo\u0159en tak, aby odr\u00e1\u017eel eleganci zna\u010dky a nab\u00edzel pohodln\u00fd prostor pro obsluhu z\u00e1kazn\u00edk\u016f.  <\/span><\/p>\t\t\t\t\t\t\t\t<\/div>\n\t\t\t\t<\/div>\n\t\t\t\t<div class=\"elementor-element elementor-element-c586f7c elementor-widget elementor-widget-image\" data-id=\"c586f7c\" data-element_type=\"widget\" data-widget_type=\"image.default\">\n\t\t\t\t<div class=\"elementor-widget-container\">\n\t\t\t\t\t\t\t\t\t\t\t\t\t\t\t<img fetchpriority=\"high\" decoding=\"async\" width=\"1440\" height=\"1387\" src=\"https:\/\/gastronova.eu\/wp-content\/uploads\/2025\/05\/66d251_6968febb1aba445ab200fe8053e51c64mv2.webp\" class=\"attachment-full size-full wp-image-33051\" alt=\"\" srcset=\"https:\/\/gastronova.eu\/wp-content\/uploads\/2025\/05\/66d251_6968febb1aba445ab200fe8053e51c64mv2.webp 1440w, https:\/\/gastronova.eu\/wp-content\/uploads\/2025\/05\/66d251_6968febb1aba445ab200fe8053e51c64mv2-311x300.webp 311w, https:\/\/gastronova.eu\/wp-content\/uploads\/2025\/05\/66d251_6968febb1aba445ab200fe8053e51c64mv2-831x800.webp 831w, https:\/\/gastronova.eu\/wp-content\/uploads\/2025\/05\/66d251_6968febb1aba445ab200fe8053e51c64mv2-768x740.webp 768w, https:\/\/gastronova.eu\/wp-content\/uploads\/2025\/05\/66d251_6968febb1aba445ab200fe8053e51c64mv2-430x414.webp 430w, https:\/\/gastronova.eu\/wp-content\/uploads\/2025\/05\/66d251_6968febb1aba445ab200fe8053e51c64mv2-700x674.webp 700w, https:\/\/gastronova.eu\/wp-content\/uploads\/2025\/05\/66d251_6968febb1aba445ab200fe8053e51c64mv2-150x144.webp 150w\" sizes=\"(max-width: 1440px) 100vw, 1440px\">\t\t\t\t\t\t\t\t\t\t\t\t\t\t\t<\/div>\n\t\t\t\t<\/div>\n\t\t\t\t<div class=\"elementor-element elementor-element-14ab61e color-scheme-inherit text-left elementor-widget elementor-widget-text-editor\" data-id=\"14ab61e\" data-element_type=\"widget\" data-widget_type=\"text-editor.default\">\n\t\t\t\t<div class=\"elementor-widget-container\">\n\t\t\t\t\t\t\t\t\t<p id=\"3j60f66\" class=\"tAaif jkMRy\" data-pm-slice=\"1 1 []\"><span data-hook=\"foreground-color\"><strong>Elegantn\u00ed design a v\u00fdjime\u010dn\u00e9 detaily<\/strong> <\/span><\/p>\n<p id=\"x5b29303\" class=\"tAaif jkMRy\"><span data-hook=\"foreground-color\">Ka\u017ed\u00fd prvek tohoto kamionu byl vytvo\u0159en s ohledem na zku\u0161enosti z\u00e1kazn\u00edk\u016f. Osv\u011btlen\u00fd n\u00e1pis \u201eWine\u201c a pe\u010dliv\u011b vybran\u00e9 dekorace dotv\u00e1\u0159ej\u00ed p\u0159\u00edjemnou atmosf\u00e9ru, zat\u00edmco modern\u00ed vybaven\u00ed interi\u00e9ru umo\u017e\u0148uje rychl\u00e9 a efektivn\u00ed serv\u00edrov\u00e1n\u00ed. V nab\u00eddce jsou obl\u00edben\u00e1 v\u00edna, jako je ryzlink r\u00fdnsk\u00fd, ros\u00e9 a sauvignon blanc, kter\u00e1 jsou pod\u00e1v\u00e1na s \u00fasm\u011bvem a l\u00e1skou k v\u00ednu.  <\/span><\/p>\t\t\t\t\t\t\t\t<\/div>\n\t\t\t\t<\/div>\n\t\t\t\t<div class=\"elementor-element elementor-element-a85d114 elementor-widget elementor-widget-image\" data-id=\"a85d114\" data-element_type=\"widget\" data-widget_type=\"image.default\">\n\t\t\t\t<div class=\"elementor-widget-container\">\n\t\t\t\t\t\t\t\t\t\t\t\t\t\t\t<img decoding=\"async\" width=\"1440\" height=\"1387\" src=\"https:\/\/gastronova.eu\/wp-content\/uploads\/2025\/05\/66d251_7af8044230684635a00ab36d6a8adcb4mv2.webp\" class=\"attachment-full size-full wp-image-33059\" alt=\"\" srcset=\"https:\/\/gastronova.eu\/wp-content\/uploads\/2025\/05\/66d251_7af8044230684635a00ab36d6a8adcb4mv2.webp 1440w, https:\/\/gastronova.eu\/wp-content\/uploads\/2025\/05\/66d251_7af8044230684635a00ab36d6a8adcb4mv2-311x300.webp 311w, https:\/\/gastronova.eu\/wp-content\/uploads\/2025\/05\/66d251_7af8044230684635a00ab36d6a8adcb4mv2-831x800.webp 831w, https:\/\/gastronova.eu\/wp-content\/uploads\/2025\/05\/66d251_7af8044230684635a00ab36d6a8adcb4mv2-768x740.webp 768w, https:\/\/gastronova.eu\/wp-content\/uploads\/2025\/05\/66d251_7af8044230684635a00ab36d6a8adcb4mv2-430x414.webp 430w, https:\/\/gastronova.eu\/wp-content\/uploads\/2025\/05\/66d251_7af8044230684635a00ab36d6a8adcb4mv2-700x674.webp 700w, https:\/\/gastronova.eu\/wp-content\/uploads\/2025\/05\/66d251_7af8044230684635a00ab36d6a8adcb4mv2-150x144.webp 150w\" sizes=\"(max-width: 1440px) 100vw, 1440px\">\t\t\t\t\t\t\t\t\t\t\t\t\t\t\t<\/div>\n\t\t\t\t<\/div>\n\t\t\t\t<div class=\"elementor-element elementor-element-f0b28ee color-scheme-inherit text-left elementor-widget elementor-widget-text-editor\" data-id=\"f0b28ee\" data-element_type=\"widget\" data-widget_type=\"text-editor.default\">\n\t\t\t\t<div class=\"elementor-widget-container\">\n\t\t\t\t\t\t\t\t\t<p id=\"bfjm1190\" class=\"tAaif jkMRy\" data-pm-slice=\"1 1 []\"><strong>O\u00e1za v\u00edna na cest\u00e1ch<\/strong><\/p>\n<p id=\"8licc339\" class=\"tAaif jkMRy\">ROAM Wine Collective se \u00fa\u010dastn\u00ed r\u016fzn\u00fdch festival\u016f, trh\u016f a soukrom\u00fdch akc\u00ed, kde vytv\u00e1\u0159\u00ed prostor pro odpo\u010dinek a vychutn\u00e1v\u00e1n\u00ed dobr\u00e9ho v\u00edna. D\u00edky mobilit\u011b food truck a gastro pr\u00edvesu m\u016f\u017ee v\u00edna ROAM p\u0159iv\u00e9zt p\u0159\u00edmo k z\u00e1kazn\u00edk\u016fm, a\u0165 u\u017e se jedn\u00e1 o velk\u00fd hudebn\u00ed festival nebo komorn\u00ed svatebn\u00ed oslavu. Tento kamion je nejen vizu\u00e1ln\u00ed lah\u016fdkou, ale tak\u00e9 uk\u00e1zkou toho, \u017ee v\u00edno m\u016f\u017ee b\u00fdt dostupn\u00e9 a z\u00e1bavn\u00e9 pro ka\u017ed\u00e9ho.  <\/p>\n<p id=\"dnkl0327\" class=\"tAaif jkMRy\"><strong>Spojen\u00ed lid\u00ed prost\u0159ednictv\u00edm v\u00edna<\/strong><\/p>\n<p id=\"q20nj417\" class=\"tAaif jkMRy\">P\u0159\u00edb\u011bh ROAM Wine Collective food truck a gastro pr\u00edves je o kombinaci kvalitn\u00edch v\u00edn, elegantn\u00edho designu a bl\u00edzkosti k z\u00e1kazn\u00edk\u016fm. Je to dokonal\u00fd p\u0159\u00edklad toho, jak mohou mobiln\u00ed bary vytv\u00e1\u0159et jedine\u010dn\u00e9 z\u00e1\u017eitky a p\u0159in\u00e1\u0161et lidem radost kdekoli. <\/p>\t\t\t\t\t\t\t\t<\/div>\n\t\t\t\t<\/div>\n\t\t\t\t<div class=\"elementor-element elementor-element-f638895 elementor-widget elementor-widget-image\" data-id=\"f638895\" data-element_type=\"widget\" data-widget_type=\"image.default\">\n\t\t\t\t<div class=\"elementor-widget-container\">\n\t\t\t\t\t\t\t\t\t\t\t\t\t\t\t<img decoding=\"async\" width=\"1440\" height=\"1393\" src=\"https:\/\/gastronova.eu\/wp-content\/uploads\/2025\/05\/66d251_cc7a3eea24c04e3e89cd4fb54733a4a1mv2.webp\" class=\"attachment-full size-full wp-image-33063\" alt=\"\" srcset=\"https:\/\/gastronova.eu\/wp-content\/uploads\/2025\/05\/66d251_cc7a3eea24c04e3e89cd4fb54733a4a1mv2.webp 1440w, https:\/\/gastronova.eu\/wp-content\/uploads\/2025\/05\/66d251_cc7a3eea24c04e3e89cd4fb54733a4a1mv2-310x300.webp 310w, https:\/\/gastronova.eu\/wp-content\/uploads\/2025\/05\/66d251_cc7a3eea24c04e3e89cd4fb54733a4a1mv2-827x800.webp 827w, https:\/\/gastronova.eu\/wp-content\/uploads\/2025\/05\/66d251_cc7a3eea24c04e3e89cd4fb54733a4a1mv2-768x743.webp 768w, https:\/\/gastronova.eu\/wp-content\/uploads\/2025\/05\/66d251_cc7a3eea24c04e3e89cd4fb54733a4a1mv2-430x416.webp 430w, https:\/\/gastronova.eu\/wp-content\/uploads\/2025\/05\/66d251_cc7a3eea24c04e3e89cd4fb54733a4a1mv2-700x677.webp 700w, https:\/\/gastronova.eu\/wp-content\/uploads\/2025\/05\/66d251_cc7a3eea24c04e3e89cd4fb54733a4a1mv2-150x145.webp 150w\" sizes=\"(max-width: 1440px) 100vw, 1440px\">\t\t\t\t\t\t\t\t\t\t\t\t\t\t\t<\/div>\n\t\t\t\t<\/div>\n\t\t\t\t\t<\/div>\n\t\t\t\t<\/div>\n\t\t\t\t<\/div>\n\t\t","protected":false},"excerpt":{"rendered":"<p>P\u0159edstavte si, \u017ee se ocitnete na proslun\u011bn\u00e9m festivalu, kde mezi davem elegantn\u00edch food truck a gastro pr\u00edves\u016f jeden doslova z\u00e1\u0159\u00ed<\/p>\n","protected":false},"author":1,"featured_media":33047,"comment_status":"open","ping_status":"open","sticky":false,"template":"","format":"standard","meta":{"footnotes":""},"categories":[202],"tags":[],"table_tags":[],"class_list":["post-34969","post","type-post","status-publish","format-standard","has-post-thumbnail","hentry","category-uncategorized-cs"],"_links":{"self":[{"href":"https:\/\/gastronova.eu\/cs\/wp-json\/wp\/v2\/posts\/34969","targetHints":{"allow":["GET"]}}],"collection":[{"href":"https:\/\/gastronova.eu\/cs\/wp-json\/wp\/v2\/posts"}],"about":[{"href":"https:\/\/gastronova.eu\/cs\/wp-json\/wp\/v2\/types\/post"}],"author":[{"embeddable":true,"href":"https:\/\/gastronova.eu\/cs\/wp-json\/wp\/v2\/users\/1"}],"replies":[{"embeddable":true,"href":"https:\/\/gastronova.eu\/cs\/wp-json\/wp\/v2\/comments?post=34969"}],"version-history":[{"count":1,"href":"https:\/\/gastronova.eu\/cs\/wp-json\/wp\/v2\/posts\/34969\/revisions"}],"predecessor-version":[{"id":34970,"href":"https:\/\/gastronova.eu\/cs\/wp-json\/wp\/v2\/posts\/34969\/revisions\/34970"}],"wp:featuredmedia":[{"embeddable":true,"href":"https:\/\/gastronova.eu\/cs\/wp-json\/wp\/v2\/media\/33047"}],"wp:attachment":[{"href":"https:\/\/gastronova.eu\/cs\/wp-json\/wp\/v2\/media?parent=34969"}],"wp:term":[{"taxonomy":"category","embeddable":true,"href":"https:\/\/gastronova.eu\/cs\/wp-json\/wp\/v2\/categories?post=34969"},{"taxonomy":"post_tag","embeddable":true,"href":"https:\/\/gastronova.eu\/cs\/wp-json\/wp\/v2\/tags?post=34969"},{"taxonomy":"table_tags","embeddable":true,"href":"https:\/\/gastronova.eu\/cs\/wp-json\/wp\/v2\/table_tags?post=34969"}],"curies":[{"name":"wp","href":"https:\/\/api.w.org\/{rel}","templated":true}]}}