{"id":35020,"date":"2024-11-13T09:23:00","date_gmt":"2024-11-13T08:23:00","guid":{"rendered":"https:\/\/gastronova.eu\/airstream-pizza-food-truck-stredni\/"},"modified":"2025-06-12T09:04:09","modified_gmt":"2025-06-12T07:04:09","slug":"airstream-pizza-food-truck-stredni","status":"publish","type":"post","link":"https:\/\/gastronova.eu\/cs\/airstream-pizza-food-truck-stredni\/","title":{"rendered":"Airstream Pizza food truck a gastro pr\u00edves &#8211; st\u0159edn\u00ed"},"content":{"rendered":"\t\t<div data-elementor-type=\"wp-post\" data-elementor-id=\"35020\" class=\"elementor elementor-35020 elementor-29098\" data-elementor-post-type=\"post\">\n\t\t\t\t<div class=\"wd-negative-gap elementor-element elementor-element-3ef6917 e-flex e-con-boxed e-con e-parent\" data-id=\"3ef6917\" data-element_type=\"container\">\n\t\t\t\t\t<div class=\"e-con-inner\">\n\t\t\t\t<div class=\"elementor-element elementor-element-19f9a6b color-scheme-inherit text-left elementor-widget elementor-widget-text-editor\" data-id=\"19f9a6b\" data-element_type=\"widget\" data-widget_type=\"text-editor.default\">\n\t\t\t\t<div class=\"elementor-widget-container\">\n\t\t\t\t\t\t\t\t\t<p id=\"foo\" class=\"tAaif jkMRy\" data-pm-slice=\"1 1 []\">Kdy\u017e se sen o vlastn\u00edm food truck a gastro pr\u00edvesu spoj\u00ed s prvot\u0159\u00eddn\u00edm designem a profesion\u00e1ln\u00edm p\u0159\u00edstupem, vznikne n\u011bco v\u00fdjime\u010dn\u00e9ho. To je p\u0159\u00edb\u011bh Airstream Pizza food truck a gastro pr\u00edves, kter\u00fd byl navr\u017een a postaven tak, aby z\u00e1kazn\u00edk\u016fm poskytoval jedine\u010dn\u00fd z\u00e1\u017eitek. <\/p>\n<p id=\"8iru536\" class=\"tAaif jkMRy\" data-pm-slice=\"1 1 []\"><strong>Od n\u00e1padu k realizaci<\/strong> V\u0161e za\u010dalo jednoduch\u00fdm n\u00e1padem: vytvo\u0159it jedine\u010dn\u00fd food truck a gastro pr\u00edves, kter\u00fd by kombinoval ikonick\u00fd design Airstreamu s modern\u00edmi technologiemi a p\u0159ipravoval vynikaj\u00edc\u00ed pizzu. Jasn\u00e1 vize klienta zahrnovala poutav\u00fd vzhled, vysokou efektivitu a nezapomenuteln\u00fd z\u00e1\u017eitek pro ka\u017ed\u00e9ho z\u00e1kazn\u00edka. <\/p>\n<p id=\"kzlpx39\" class=\"tAaif jkMRy\">Po \u00favodn\u00edch konzultac\u00edch byly zkonzultov\u00e1ny v\u0161echny po\u017eadavky a p\u0159ipraven n\u00e1vrh na m\u00edru. Sou\u010d\u00e1st\u00ed procesu bylo vytvo\u0159en\u00ed 3D vizualizac\u00ed pro dolad\u011bn\u00ed ka\u017ed\u00e9ho detailu a n\u00e1vrh ergonomick\u00e9ho uspo\u0159\u00e1d\u00e1n\u00ed interi\u00e9ru pro zaji\u0161t\u011bn\u00ed efektivn\u00ed a p\u0159\u00edjemn\u00e9 pr\u00e1ce ve voze. <\/p>\t\t\t\t\t\t\t\t<\/div>\n\t\t\t\t<\/div>\n\t\t\t\t<div class=\"elementor-element elementor-element-c586f7c elementor-widget elementor-widget-image\" data-id=\"c586f7c\" data-element_type=\"widget\" data-widget_type=\"image.default\">\n\t\t\t\t<div class=\"elementor-widget-container\">\n\t\t\t\t\t\t\t\t\t\t\t\t\t\t\t<img fetchpriority=\"high\" decoding=\"async\" width=\"740\" height=\"610\" src=\"https:\/\/gastronova.eu\/wp-content\/uploads\/2025\/05\/66d251_33e83653e88f4335a109df6c039107admv2.webp\" class=\"attachment-full size-full wp-image-33103\" alt=\"\" srcset=\"https:\/\/gastronova.eu\/wp-content\/uploads\/2025\/05\/66d251_33e83653e88f4335a109df6c039107admv2.webp 740w, https:\/\/gastronova.eu\/wp-content\/uploads\/2025\/05\/66d251_33e83653e88f4335a109df6c039107admv2-364x300.webp 364w, https:\/\/gastronova.eu\/wp-content\/uploads\/2025\/05\/66d251_33e83653e88f4335a109df6c039107admv2-430x354.webp 430w, https:\/\/gastronova.eu\/wp-content\/uploads\/2025\/05\/66d251_33e83653e88f4335a109df6c039107admv2-700x577.webp 700w, https:\/\/gastronova.eu\/wp-content\/uploads\/2025\/05\/66d251_33e83653e88f4335a109df6c039107admv2-150x124.webp 150w\" sizes=\"(max-width: 740px) 100vw, 740px\">\t\t\t\t\t\t\t\t\t\t\t\t\t\t\t<\/div>\n\t\t\t\t<\/div>\n\t\t\t\t<div class=\"elementor-element elementor-element-d7da9ba color-scheme-inherit text-left elementor-widget elementor-widget-text-editor\" data-id=\"d7da9ba\" data-element_type=\"widget\" data-widget_type=\"text-editor.default\">\n\t\t\t\t<div class=\"elementor-widget-container\">\n\t\t\t\t\t\t\t\t\t<p id=\"r6xj041\" class=\"tAaif jkMRy\" data-pm-slice=\"1 1 []\"><strong>Jedine\u010dn\u00fd design a vysok\u00e1 funk\u010dnost<\/strong> V\u00fdsledkem je food truck a gastro pr\u00edves, kter\u00fd zaujme na prvn\u00ed pohled. Leskl\u00fd exteri\u00e9r Airstreamu nejen p\u0159itahuje z\u00e1kazn\u00edky, ale tak\u00e9 poskytuje velkou plochu pro um\u00edst\u011bn\u00ed zna\u010dky, \u010d\u00edm\u017e zvy\u0161uje pov\u011bdom\u00ed o zna\u010dce. Interi\u00e9r byl vybaven nejmodern\u011bj\u0161\u00ed pec\u00ed na pizzu a ve\u0161ker\u00fdm pot\u0159ebn\u00fdm vybaven\u00edm pro p\u0159\u00edpravu j\u00eddel v nejvy\u0161\u0161\u00ed kvalit\u011b.  <\/p>\n<p id=\"8r3tu44\" class=\"tAaif jkMRy\">food truck a gastro pr\u00edves byl navr\u017een tak, aby zvl\u00e1dal velkoobjemov\u00fd prodej na ru\u0161n\u00fdch m\u00edstech, jako jsou festivaly, trhy a soukrom\u00e9 akce. P\u0159izp\u016fsoben\u00fd design zaji\u0161\u0165uje energetickou \u00fa\u010dinnost a pohodlnou pr\u00e1ci pro person\u00e1l a spl\u0148uje v\u0161echny pot\u0159eby majitele. <\/p>\t\t\t\t\t\t\t\t<\/div>\n\t\t\t\t<\/div>\n\t\t\t\t<div class=\"elementor-element elementor-element-a85d114 elementor-widget elementor-widget-image\" data-id=\"a85d114\" data-element_type=\"widget\" data-widget_type=\"image.default\">\n\t\t\t\t<div class=\"elementor-widget-container\">\n\t\t\t\t\t\t\t\t\t\t\t\t\t\t\t<img decoding=\"async\" width=\"770\" height=\"637\" src=\"https:\/\/gastronova.eu\/wp-content\/uploads\/2025\/05\/66d251_3cdd276dea0642d5a126ac5a045e149amv2.webp\" class=\"attachment-full size-full wp-image-33107\" alt=\"\" srcset=\"https:\/\/gastronova.eu\/wp-content\/uploads\/2025\/05\/66d251_3cdd276dea0642d5a126ac5a045e149amv2.webp 770w, https:\/\/gastronova.eu\/wp-content\/uploads\/2025\/05\/66d251_3cdd276dea0642d5a126ac5a045e149amv2-363x300.webp 363w, https:\/\/gastronova.eu\/wp-content\/uploads\/2025\/05\/66d251_3cdd276dea0642d5a126ac5a045e149amv2-768x635.webp 768w, https:\/\/gastronova.eu\/wp-content\/uploads\/2025\/05\/66d251_3cdd276dea0642d5a126ac5a045e149amv2-430x356.webp 430w, https:\/\/gastronova.eu\/wp-content\/uploads\/2025\/05\/66d251_3cdd276dea0642d5a126ac5a045e149amv2-700x579.webp 700w, https:\/\/gastronova.eu\/wp-content\/uploads\/2025\/05\/66d251_3cdd276dea0642d5a126ac5a045e149amv2-150x124.webp 150w\" sizes=\"(max-width: 770px) 100vw, 770px\">\t\t\t\t\t\t\t\t\t\t\t\t\t\t\t<\/div>\n\t\t\t\t<\/div>\n\t\t\t\t<div class=\"elementor-element elementor-element-f0b28ee color-scheme-inherit text-left elementor-widget elementor-widget-text-editor\" data-id=\"f0b28ee\" data-element_type=\"widget\" data-widget_type=\"text-editor.default\">\n\t\t\t\t<div class=\"elementor-widget-container\">\n\t\t\t\t\t\t\t\t\t<p id=\"hvj5a46\" class=\"tAaif jkMRy\" data-pm-slice=\"1 1 []\"><strong>Cesta k \u00fasp\u011bchu<\/strong> Po dokon\u010den\u00ed v\u00fdroby bylo ve\u0161ker\u00e9 za\u0159\u00edzen\u00ed kompletn\u011b nainstalov\u00e1no a otestov\u00e1no. Airstream Pizza food truck a gastro pr\u00edves se stal hitem v oblasti pouli\u010dn\u00edho ob\u010derstven\u00ed a d\u00edky sv\u00e9mu designu a funk\u010dnosti p\u0159itahuje davy z\u00e1kazn\u00edk\u016f. Tento projekt je p\u0159\u00edkladem toho, jak m\u016f\u017ee dob\u0159e promy\u0161len\u00fd food truck a gastro pr\u00edves splnit i ty nejn\u00e1ro\u010dn\u011bj\u0161\u00ed po\u017eadavky a p\u0159in\u00e9st \u00fasp\u011bch.  <\/p>\n<p id=\"0r8v249\" class=\"tAaif jkMRy\">Tento p\u0159\u00edb\u011bh ukazuje, jak se sny o vlastn\u00edm kamionu s j\u00eddlem mohou st\u00e1t skute\u010dnost\u00ed. Pokud i vy sn\u00edte o vlastn\u00edm gastro podniku na kolech, je Airstream food truck a gastro pr\u00edves skv\u011bl\u00fdm p\u0159\u00edkladem toho, \u010deho lze dos\u00e1hnout. <\/p>\t\t\t\t\t\t\t\t<\/div>\n\t\t\t\t<\/div>\n\t\t\t\t<div class=\"elementor-element elementor-element-f638895 elementor-widget elementor-widget-image\" data-id=\"f638895\" data-element_type=\"widget\" data-widget_type=\"image.default\">\n\t\t\t\t<div class=\"elementor-widget-container\">\n\t\t\t\t\t\t\t\t\t\t\t\t\t\t\t<img decoding=\"async\" width=\"797\" height=\"848\" src=\"https:\/\/gastronova.eu\/wp-content\/uploads\/2025\/05\/66d251_b7d6845761eb4daeb296dfc16952430bmv2.webp\" class=\"attachment-full size-full wp-image-33111\" alt=\"\" srcset=\"https:\/\/gastronova.eu\/wp-content\/uploads\/2025\/05\/66d251_b7d6845761eb4daeb296dfc16952430bmv2.webp 797w, https:\/\/gastronova.eu\/wp-content\/uploads\/2025\/05\/66d251_b7d6845761eb4daeb296dfc16952430bmv2-282x300.webp 282w, https:\/\/gastronova.eu\/wp-content\/uploads\/2025\/05\/66d251_b7d6845761eb4daeb296dfc16952430bmv2-752x800.webp 752w, https:\/\/gastronova.eu\/wp-content\/uploads\/2025\/05\/66d251_b7d6845761eb4daeb296dfc16952430bmv2-768x817.webp 768w, https:\/\/gastronova.eu\/wp-content\/uploads\/2025\/05\/66d251_b7d6845761eb4daeb296dfc16952430bmv2-430x458.webp 430w, https:\/\/gastronova.eu\/wp-content\/uploads\/2025\/05\/66d251_b7d6845761eb4daeb296dfc16952430bmv2-700x745.webp 700w, https:\/\/gastronova.eu\/wp-content\/uploads\/2025\/05\/66d251_b7d6845761eb4daeb296dfc16952430bmv2-150x160.webp 150w\" sizes=\"(max-width: 797px) 100vw, 797px\">\t\t\t\t\t\t\t\t\t\t\t\t\t\t\t<\/div>\n\t\t\t\t<\/div>\n\t\t\t\t\t<\/div>\n\t\t\t\t<\/div>\n\t\t\t\t<\/div>\n\t\t","protected":false},"excerpt":{"rendered":"<p>Kdy\u017e se sen o vlastn\u00edm food truck a gastro pr\u00edvesu spoj\u00ed s prvot\u0159\u00eddn\u00edm designem a profesion\u00e1ln\u00edm p\u0159\u00edstupem, vznikne n\u011bco v\u00fdjime\u010dn\u00e9ho.<\/p>\n","protected":false},"author":1,"featured_media":33099,"comment_status":"open","ping_status":"open","sticky":false,"template":"","format":"standard","meta":{"footnotes":""},"categories":[202],"tags":[],"table_tags":[],"class_list":["post-35020","post","type-post","status-publish","format-standard","has-post-thumbnail","hentry","category-uncategorized-cs"],"_links":{"self":[{"href":"https:\/\/gastronova.eu\/cs\/wp-json\/wp\/v2\/posts\/35020","targetHints":{"allow":["GET"]}}],"collection":[{"href":"https:\/\/gastronova.eu\/cs\/wp-json\/wp\/v2\/posts"}],"about":[{"href":"https:\/\/gastronova.eu\/cs\/wp-json\/wp\/v2\/types\/post"}],"author":[{"embeddable":true,"href":"https:\/\/gastronova.eu\/cs\/wp-json\/wp\/v2\/users\/1"}],"replies":[{"embeddable":true,"href":"https:\/\/gastronova.eu\/cs\/wp-json\/wp\/v2\/comments?post=35020"}],"version-history":[{"count":1,"href":"https:\/\/gastronova.eu\/cs\/wp-json\/wp\/v2\/posts\/35020\/revisions"}],"predecessor-version":[{"id":35022,"href":"https:\/\/gastronova.eu\/cs\/wp-json\/wp\/v2\/posts\/35020\/revisions\/35022"}],"wp:featuredmedia":[{"embeddable":true,"href":"https:\/\/gastronova.eu\/cs\/wp-json\/wp\/v2\/media\/33099"}],"wp:attachment":[{"href":"https:\/\/gastronova.eu\/cs\/wp-json\/wp\/v2\/media?parent=35020"}],"wp:term":[{"taxonomy":"category","embeddable":true,"href":"https:\/\/gastronova.eu\/cs\/wp-json\/wp\/v2\/categories?post=35020"},{"taxonomy":"post_tag","embeddable":true,"href":"https:\/\/gastronova.eu\/cs\/wp-json\/wp\/v2\/tags?post=35020"},{"taxonomy":"table_tags","embeddable":true,"href":"https:\/\/gastronova.eu\/cs\/wp-json\/wp\/v2\/table_tags?post=35020"}],"curies":[{"name":"wp","href":"https:\/\/api.w.org\/{rel}","templated":true}]}}