{"id":34974,"date":"2024-11-13T09:10:00","date_gmt":"2024-11-13T08:10:00","guid":{"rendered":"https:\/\/gastronova.eu\/roam-wine-food-truck-kompakt\/"},"modified":"2025-06-12T09:04:01","modified_gmt":"2025-06-12T07:04:01","slug":"roam-wine-food-truck-kompakt","status":"publish","type":"post","link":"https:\/\/gastronova.eu\/hu\/roam-wine-food-truck-kompakt\/","title":{"rendered":"ROAM Wine | food truck a gastro pr\u00edves &#8211; Kompakt"},"content":{"rendered":"\t\t<div data-elementor-type=\"wp-post\" data-elementor-id=\"34974\" class=\"elementor elementor-34974 elementor-29059\" data-elementor-post-type=\"post\">\n\t\t\t\t<div class=\"wd-negative-gap elementor-element elementor-element-3ef6917 e-flex e-con-boxed e-con e-parent\" data-id=\"3ef6917\" data-element_type=\"container\">\n\t\t\t\t\t<div class=\"e-con-inner\">\n\t\t\t\t<div class=\"elementor-element elementor-element-19f9a6b color-scheme-inherit text-left elementor-widget elementor-widget-text-editor\" data-id=\"19f9a6b\" data-element_type=\"widget\" data-widget_type=\"text-editor.default\">\n\t\t\t\t<div class=\"elementor-widget-container\">\n\t\t\t\t\t\t\t\t\t<p id=\"foo\" class=\"tAaif jkMRy\" data-pm-slice=\"1 1 []\">K\u00e9pzelje el, hogy egy naps\u00fct\u00e9ses fesztiv\u00e1lon tal\u00e1lja mag\u00e1t, ahol a karcs\u00fa \u00e9telkocsik t\u00f6mege k\u00f6z\u00f6tt van egy, amelyik sz\u00f3 szerint ragyog &#8211; ez a ROAM Wine Collective. Ez a food truck a gastro pr\u00edves nem egy \u00e1tlagos mobil borkamion; ez egy olyan \u00e9lm\u00e9ny, amely egyes\u00edti a pr\u00e9mium borokat, a gy\u00f6ny\u00f6r\u0171 diz\u00e1jnt \u00e9s a bar\u00e1ts\u00e1gos l\u00e9gk\u00f6rt. <\/p>\n<p id=\"8iru536\" class=\"tAaif jkMRy\" data-pm-slice=\"1 1 []\"><span data-hook=\"foreground-color\"><strong>Az \u00f6tlett\u0151l a luxus mobil b\u00e1rig<\/strong> <\/span><\/p>\n<p id=\"w6e2t270\" class=\"tAaif jkMRy\"><span data-hook=\"foreground-color\">A ROAM Wine Collective az\u00e9rt j\u00f6tt l\u00e9tre, hogy a min\u0151s\u00e9gi borokat k\u00f6zvetlen\u00fcl az emberekhez juttassa el, a legszebb esem\u00e9nyeken \u00e9s helysz\u00edneken. A food truck a gastro pr\u00edves f\u00e9nyes k\u00fclsej\u00e9vel m\u00e1r els\u0151 l\u00e1t\u00e1sra megragadja a tekintetet, \u00e9s felejthetetlen k\u00f3stol\u00e1si \u00e9lm\u00e9nyre cs\u00e1b\u00edtja a l\u00e1togat\u00f3kat. A teheraut\u00f3 diz\u00e1jnj\u00e1t gondosan megtervezt\u00fck, hogy t\u00fckr\u00f6zze a m\u00e1rka eleganci\u00e1j\u00e1t, \u00e9s k\u00e9nyelmes helyet k\u00edn\u00e1ljon a v\u00e1s\u00e1rl\u00f3k kiszolg\u00e1l\u00e1s\u00e1hoz.  <\/span><\/p>\t\t\t\t\t\t\t\t<\/div>\n\t\t\t\t<\/div>\n\t\t\t\t<div class=\"elementor-element elementor-element-c586f7c elementor-widget elementor-widget-image\" data-id=\"c586f7c\" data-element_type=\"widget\" data-widget_type=\"image.default\">\n\t\t\t\t<div class=\"elementor-widget-container\">\n\t\t\t\t\t\t\t\t\t\t\t\t\t\t\t<img fetchpriority=\"high\" decoding=\"async\" width=\"1440\" height=\"1387\" src=\"https:\/\/gastronova.eu\/wp-content\/uploads\/2025\/05\/66d251_6968febb1aba445ab200fe8053e51c64mv2.webp\" class=\"attachment-full size-full wp-image-33054\" alt=\"\" srcset=\"https:\/\/gastronova.eu\/wp-content\/uploads\/2025\/05\/66d251_6968febb1aba445ab200fe8053e51c64mv2.webp 1440w, https:\/\/gastronova.eu\/wp-content\/uploads\/2025\/05\/66d251_6968febb1aba445ab200fe8053e51c64mv2-311x300.webp 311w, https:\/\/gastronova.eu\/wp-content\/uploads\/2025\/05\/66d251_6968febb1aba445ab200fe8053e51c64mv2-831x800.webp 831w, https:\/\/gastronova.eu\/wp-content\/uploads\/2025\/05\/66d251_6968febb1aba445ab200fe8053e51c64mv2-768x740.webp 768w, https:\/\/gastronova.eu\/wp-content\/uploads\/2025\/05\/66d251_6968febb1aba445ab200fe8053e51c64mv2-430x414.webp 430w, https:\/\/gastronova.eu\/wp-content\/uploads\/2025\/05\/66d251_6968febb1aba445ab200fe8053e51c64mv2-700x674.webp 700w, https:\/\/gastronova.eu\/wp-content\/uploads\/2025\/05\/66d251_6968febb1aba445ab200fe8053e51c64mv2-150x144.webp 150w\" sizes=\"(max-width: 1440px) 100vw, 1440px\">\t\t\t\t\t\t\t\t\t\t\t\t\t\t\t<\/div>\n\t\t\t\t<\/div>\n\t\t\t\t<div class=\"elementor-element elementor-element-14ab61e color-scheme-inherit text-left elementor-widget elementor-widget-text-editor\" data-id=\"14ab61e\" data-element_type=\"widget\" data-widget_type=\"text-editor.default\">\n\t\t\t\t<div class=\"elementor-widget-container\">\n\t\t\t\t\t\t\t\t\t<p id=\"3j60f66\" class=\"tAaif jkMRy\" data-pm-slice=\"1 1 []\"><span data-hook=\"foreground-color\"><strong>Eleg\u00e1ns design \u00e9s kiv\u00e9teles r\u00e9szletek<\/strong> <\/span><\/p>\n<p id=\"x5b29303\" class=\"tAaif jkMRy\"><span data-hook=\"foreground-color\">Ennek az \u00e9telsz\u00e1ll\u00edt\u00f3 kocsinak minden elem\u00e9t a v\u00e1s\u00e1rl\u00f3i \u00e9lm\u00e9nyt szem el\u0151tt tartva hozt\u00e1k l\u00e9tre. A kivil\u00e1g\u00edtott \u201eWine\u201d felirat \u00e9s a gondosan kiv\u00e1lasztott dekor\u00e1ci\u00f3k hozz\u00e1j\u00e1rulnak a bar\u00e1ts\u00e1gos hangulathoz, m\u00edg a bels\u0151 t\u00e9r modern berendez\u00e9sei lehet\u0151v\u00e9 teszik a gyors \u00e9s hat\u00e9kony kiszolg\u00e1l\u00e1st. Az \u00e9tlapon olyan n\u00e9pszer\u0171 borok szerepelnek, mint a rizling, a roz\u00e9 \u00e9s a sauvignon blanc, mindezt mosolyogva \u00e9s a bor szeretet\u00e9vel felszolg\u00e1lva.  <\/span><\/p>\t\t\t\t\t\t\t\t<\/div>\n\t\t\t\t<\/div>\n\t\t\t\t<div class=\"elementor-element elementor-element-a85d114 elementor-widget elementor-widget-image\" data-id=\"a85d114\" data-element_type=\"widget\" data-widget_type=\"image.default\">\n\t\t\t\t<div class=\"elementor-widget-container\">\n\t\t\t\t\t\t\t\t\t\t\t\t\t\t\t<img decoding=\"async\" width=\"1440\" height=\"1387\" src=\"https:\/\/gastronova.eu\/wp-content\/uploads\/2025\/05\/66d251_7af8044230684635a00ab36d6a8adcb4mv2.webp\" class=\"attachment-full size-full wp-image-33062\" alt=\"\" srcset=\"https:\/\/gastronova.eu\/wp-content\/uploads\/2025\/05\/66d251_7af8044230684635a00ab36d6a8adcb4mv2.webp 1440w, https:\/\/gastronova.eu\/wp-content\/uploads\/2025\/05\/66d251_7af8044230684635a00ab36d6a8adcb4mv2-311x300.webp 311w, https:\/\/gastronova.eu\/wp-content\/uploads\/2025\/05\/66d251_7af8044230684635a00ab36d6a8adcb4mv2-831x800.webp 831w, https:\/\/gastronova.eu\/wp-content\/uploads\/2025\/05\/66d251_7af8044230684635a00ab36d6a8adcb4mv2-768x740.webp 768w, https:\/\/gastronova.eu\/wp-content\/uploads\/2025\/05\/66d251_7af8044230684635a00ab36d6a8adcb4mv2-430x414.webp 430w, https:\/\/gastronova.eu\/wp-content\/uploads\/2025\/05\/66d251_7af8044230684635a00ab36d6a8adcb4mv2-700x674.webp 700w, https:\/\/gastronova.eu\/wp-content\/uploads\/2025\/05\/66d251_7af8044230684635a00ab36d6a8adcb4mv2-150x144.webp 150w\" sizes=\"(max-width: 1440px) 100vw, 1440px\">\t\t\t\t\t\t\t\t\t\t\t\t\t\t\t<\/div>\n\t\t\t\t<\/div>\n\t\t\t\t<div class=\"elementor-element elementor-element-f0b28ee color-scheme-inherit text-left elementor-widget elementor-widget-text-editor\" data-id=\"f0b28ee\" data-element_type=\"widget\" data-widget_type=\"text-editor.default\">\n\t\t\t\t<div class=\"elementor-widget-container\">\n\t\t\t\t\t\t\t\t\t<p id=\"bfjm1190\" class=\"tAaif jkMRy\" data-pm-slice=\"1 1 []\"><strong>Egy bor o\u00e1zis \u00fatk\u00f6zben<\/strong><\/p>\n<p id=\"8licc339\" class=\"tAaif jkMRy\">A ROAM Wine Collective r\u00e9szt vesz k\u00fcl\u00f6nb\u00f6z\u0151 fesztiv\u00e1lokon, piacokon \u00e9s mag\u00e1nrendezv\u00e9nyeken, ahol teret teremt a kikapcsol\u00f3d\u00e1sra \u00e9s a j\u00f3 bor \u00e9lvezet\u00e9re. A food truck a gastro pr\u00edves mobilit\u00e1s\u00e1nak k\u00f6sz\u00f6nhet\u0151en a ROAM borokat k\u00f6zvetlen\u00fcl a v\u00e1s\u00e1rl\u00f3khoz lehet vinni, legyen sz\u00f3 ak\u00e1r egy nagy zenei fesztiv\u00e1lr\u00f3l vagy egy meghitt esk\u00fcv\u0151i \u00fcnneps\u00e9gr\u0151l. Ez a teheraut\u00f3 nemcsak vizu\u00e1lis \u00e9lvezet, hanem annak demonstr\u00e1ci\u00f3ja is, hogy a bor mindenki sz\u00e1m\u00e1ra el\u00e9rhet\u0151 \u00e9s sz\u00f3rakoztat\u00f3 lehet.  <\/p>\n<p id=\"dnkl0327\" class=\"tAaif jkMRy\"><strong>Embereket \u00f6sszek\u00f6tni a boron kereszt\u00fcl<\/strong><\/p>\n<p id=\"q20nj417\" class=\"tAaif jkMRy\">A ROAM Wine Collective food truck a gastro pr\u00edves t\u00f6rt\u00e9nete a min\u0151s\u00e9gi borok, az eleg\u00e1ns design \u00e9s a v\u00e1s\u00e1rl\u00f3khoz val\u00f3 k\u00f6zels\u00e9g kombin\u00e1ci\u00f3j\u00e1r\u00f3l sz\u00f3l. T\u00f6k\u00e9letes p\u00e9ld\u00e1ja annak, hogy a mobil b\u00e1rok hogyan teremthetnek egyedi \u00e9lm\u00e9nyeket \u00e9s szerezhetnek \u00f6r\u00f6met az embereknek b\u00e1rhol. <\/p>\t\t\t\t\t\t\t\t<\/div>\n\t\t\t\t<\/div>\n\t\t\t\t<div class=\"elementor-element elementor-element-f638895 elementor-widget elementor-widget-image\" data-id=\"f638895\" data-element_type=\"widget\" data-widget_type=\"image.default\">\n\t\t\t\t<div class=\"elementor-widget-container\">\n\t\t\t\t\t\t\t\t\t\t\t\t\t\t\t<img decoding=\"async\" width=\"1440\" height=\"1393\" src=\"https:\/\/gastronova.eu\/wp-content\/uploads\/2025\/05\/66d251_cc7a3eea24c04e3e89cd4fb54733a4a1mv2.webp\" class=\"attachment-full size-full wp-image-33066\" alt=\"\" srcset=\"https:\/\/gastronova.eu\/wp-content\/uploads\/2025\/05\/66d251_cc7a3eea24c04e3e89cd4fb54733a4a1mv2.webp 1440w, https:\/\/gastronova.eu\/wp-content\/uploads\/2025\/05\/66d251_cc7a3eea24c04e3e89cd4fb54733a4a1mv2-310x300.webp 310w, https:\/\/gastronova.eu\/wp-content\/uploads\/2025\/05\/66d251_cc7a3eea24c04e3e89cd4fb54733a4a1mv2-827x800.webp 827w, https:\/\/gastronova.eu\/wp-content\/uploads\/2025\/05\/66d251_cc7a3eea24c04e3e89cd4fb54733a4a1mv2-768x743.webp 768w, https:\/\/gastronova.eu\/wp-content\/uploads\/2025\/05\/66d251_cc7a3eea24c04e3e89cd4fb54733a4a1mv2-430x416.webp 430w, https:\/\/gastronova.eu\/wp-content\/uploads\/2025\/05\/66d251_cc7a3eea24c04e3e89cd4fb54733a4a1mv2-700x677.webp 700w, https:\/\/gastronova.eu\/wp-content\/uploads\/2025\/05\/66d251_cc7a3eea24c04e3e89cd4fb54733a4a1mv2-150x145.webp 150w\" sizes=\"(max-width: 1440px) 100vw, 1440px\">\t\t\t\t\t\t\t\t\t\t\t\t\t\t\t<\/div>\n\t\t\t\t<\/div>\n\t\t\t\t\t<\/div>\n\t\t\t\t<\/div>\n\t\t\t\t<\/div>\n\t\t","protected":false},"excerpt":{"rendered":"<p>K\u00e9pzelje el, hogy egy naps\u00fct\u00e9ses fesztiv\u00e1lon tal\u00e1lja mag\u00e1t, ahol a karcs\u00fa \u00e9telkocsik t\u00f6mege k\u00f6z\u00f6tt van egy, amelyik sz\u00f3 szerint ragyog<\/p>\n","protected":false},"author":1,"featured_media":33050,"comment_status":"open","ping_status":"open","sticky":false,"template":"","format":"standard","meta":{"footnotes":""},"categories":[203],"tags":[],"table_tags":[],"class_list":["post-34974","post","type-post","status-publish","format-standard","has-post-thumbnail","hentry","category-uncategorized-hu"],"_links":{"self":[{"href":"https:\/\/gastronova.eu\/hu\/wp-json\/wp\/v2\/posts\/34974","targetHints":{"allow":["GET"]}}],"collection":[{"href":"https:\/\/gastronova.eu\/hu\/wp-json\/wp\/v2\/posts"}],"about":[{"href":"https:\/\/gastronova.eu\/hu\/wp-json\/wp\/v2\/types\/post"}],"author":[{"embeddable":true,"href":"https:\/\/gastronova.eu\/hu\/wp-json\/wp\/v2\/users\/1"}],"replies":[{"embeddable":true,"href":"https:\/\/gastronova.eu\/hu\/wp-json\/wp\/v2\/comments?post=34974"}],"version-history":[{"count":1,"href":"https:\/\/gastronova.eu\/hu\/wp-json\/wp\/v2\/posts\/34974\/revisions"}],"predecessor-version":[{"id":34978,"href":"https:\/\/gastronova.eu\/hu\/wp-json\/wp\/v2\/posts\/34974\/revisions\/34978"}],"wp:featuredmedia":[{"embeddable":true,"href":"https:\/\/gastronova.eu\/hu\/wp-json\/wp\/v2\/media\/33050"}],"wp:attachment":[{"href":"https:\/\/gastronova.eu\/hu\/wp-json\/wp\/v2\/media?parent=34974"}],"wp:term":[{"taxonomy":"category","embeddable":true,"href":"https:\/\/gastronova.eu\/hu\/wp-json\/wp\/v2\/categories?post=34974"},{"taxonomy":"post_tag","embeddable":true,"href":"https:\/\/gastronova.eu\/hu\/wp-json\/wp\/v2\/tags?post=34974"},{"taxonomy":"table_tags","embeddable":true,"href":"https:\/\/gastronova.eu\/hu\/wp-json\/wp\/v2\/table_tags?post=34974"}],"curies":[{"name":"wp","href":"https:\/\/api.w.org\/{rel}","templated":true}]}}