{"id":35065,"date":"2025-03-22T09:07:00","date_gmt":"2025-03-22T08:07:00","guid":{"rendered":"https:\/\/gastronova.eu\/higieniai-kovetelmenyek-az-etelszallito-teherautokra-es-a-gasztro-utanfutokra-szlovakiaban\/"},"modified":"2025-06-12T09:04:22","modified_gmt":"2025-06-12T07:04:22","slug":"higieniai-kovetelmenyek-az-etelszallito-teherautokra-es-a-gasztro-utanfutokra-szlovakiaban","status":"publish","type":"post","link":"https:\/\/gastronova.eu\/hu\/higieniai-kovetelmenyek-az-etelszallito-teherautokra-es-a-gasztro-utanfutokra-szlovakiaban\/","title":{"rendered":"Higi\u00e9niai k\u00f6vetelm\u00e9nyek az \u00e9telsz\u00e1ll\u00edt\u00f3 teheraut\u00f3kra \u00e9s a gasztro ut\u00e1nfut\u00f3kra Szlov\u00e1ki\u00e1ban"},"content":{"rendered":"\t\t<div data-elementor-type=\"wp-post\" data-elementor-id=\"35065\" class=\"elementor elementor-35065 elementor-29052\" data-elementor-post-type=\"post\">\n\t\t\t\t<div class=\"wd-negative-gap elementor-element elementor-element-3ef6917 e-flex e-con-boxed e-con e-parent\" data-id=\"3ef6917\" data-element_type=\"container\">\n\t\t\t\t\t<div class=\"e-con-inner\">\n\t\t\t\t<div class=\"elementor-element elementor-element-19f9a6b color-scheme-inherit text-left elementor-widget elementor-widget-text-editor\" data-id=\"19f9a6b\" data-element_type=\"widget\" data-widget_type=\"text-editor.default\">\n\t\t\t\t<div class=\"elementor-widget-container\">\n\t\t\t\t\t\t\t\t\t<p id=\"iyhbn523\" class=\"tAaif jkMRy\" data-pm-slice=\"1 1 []\"><span data-hook=\"foreground-color\">Az olyan mobil vend\u00e9gl\u00e1t\u00f3ipari l\u00e9tes\u00edtm\u00e9nyek, mint az \u00e9telkocsik \u00e9s az \u00e9lelmiszer-ut\u00e1nfut\u00f3k egyre n\u00e9pszer\u0171bbek a vend\u00e9gl\u00e1t\u00f3ipari v\u00e1llalkoz\u00f3k k\u00f6r\u00e9ben. A rugalmas helysz\u00edn \u00e9s az alacsony \u00fczemeltet\u00e9si k\u00f6lts\u00e9gek mellett azonban szigor\u00fa higi\u00e9niai el\u0151\u00edr\u00e1soknak is meg kell felelni\u00fck az \u00e9lelmiszerbiztons\u00e1g \u00e9s a fogyaszt\u00f3v\u00e9delem \u00e9rdek\u00e9ben. Ebben a cikkben \u00e1ttekintj\u00fck a legfontosabb higi\u00e9niai k\u00f6vetelm\u00e9nyeket, amelyeknek a szlov\u00e1kiai food truck a gastro pr\u00edvesoknak \u00e9s gasztro ut\u00e1nfut\u00f3knak meg kell felelni\u00fck.  <\/span><\/p>\n<p id=\"wp0yb3346\" class=\"tAaif jkMRy\"> <\/p>\n<h2 id=\"76kn8304\" class=\"WEY7i JS6LT\"><span data-hook=\"foreground-color\"><strong>1. A mozg\u00f3 vend\u00e9gl\u00e1t\u00e1s higi\u00e9ni\u00e1j\u00e1ra vonatkoz\u00f3 jogi keretrendszer<\/strong><\/span><\/h2>\n<p id=\"mthz3306\" class=\"tAaif jkMRy\"><span data-hook=\"foreground-color\">B\u00e1r a szlov\u00e1k jogszab\u00e1lyok nem hat\u00e1rozz\u00e1k meg pontosan a mozg\u00f3 vend\u00e9gl\u00e1t\u00f3helyek elrendez\u00e9s\u00e9t \u00e9s felszerel\u00e9s\u00e9t, az \u00e9lelmiszerekre k\u00fcl\u00f6n\u00f6sen az \u00e9lelmiszerekr\u0151l sz\u00f3l\u00f3 152\/1995. sz. t\u00f6rv\u00e9nyen \u00e9s az uni\u00f3s rendeleteken alapul\u00f3 \u00e1ltal\u00e1nos higi\u00e9niai el\u0151\u00edr\u00e1sok vonatkoznak:  <\/span><\/p>\n<div>\n<ul id=\"zzuzu308\" class=\"Fej5o\">\n<li id=\"caiwu309\" class=\"o0KrB\" dir=\"auto\">\n<p id=\"3u32i310\" class=\"tAaif jkMRy\"><span data-hook=\"foreground-color\"><strong>852\/2004\/EK rendelet az \u00e9lelmiszer-higi\u00e9ni\u00e1r\u00f3l <\/strong>amely meghat\u00e1rozza az \u00e9lelmiszerbiztons\u00e1g alapvet\u0151 k\u00f6vetelm\u00e9nyeit.<\/span><\/p>\n<\/li>\n<li id=\"mrn9v313\" class=\"o0KrB\" dir=\"auto\">\n<p id=\"i4d0y314\" class=\"tAaif jkMRy\"><span data-hook=\"foreground-color\"><strong>HACCP-rendszer<\/strong> &#8211; az \u00fczemeltet\u0151k k\u00f6telesek l\u00e9trehozni \u00e9s fenntartani a vesz\u00e9lyelemz\u00e9s \u00e9s a kritikus ellen\u0151rz\u00e9si pontok rendszer\u00e9t.<\/span><\/p>\n<\/li>\n<li id=\"p7lte317\" class=\"o0KrB\" dir=\"auto\">\n<p id=\"uy56p318\" class=\"tAaif jkMRy\"><span data-hook=\"foreground-color\"><strong>533\/2007 sz. rendelet (Coll. <\/strong>amely r\u00e9szletesen meghat\u00e1rozza az \u00e9lelmiszer-ipari l\u00e9tes\u00edtm\u00e9nyekre vonatkoz\u00f3 k\u00f6vetelm\u00e9nyeket.<\/span><\/p>\n<\/li>\n<\/ul>\n<\/div>\n<p id=\"564cw321\" class=\"tAaif jkMRy\"> <\/p>\n<p id=\"rj71n432\" class=\"tAaif jkMRy\"><span data-hook=\"foreground-color\">\ud83d\udccc <strong>Fontos:<\/strong> A j\u00e1r\u00f3beteg-\u00e9rt\u00e9kes\u00edt\u00e9shez vagy az \u00e9rt\u00e9kes\u00edt\u00e9s ezen form\u00e1j\u00e1hoz <strong>nem sz\u00fcks\u00e9ges a Region\u00e1lis K\u00f6zeg\u00e9szs\u00e9g\u00fcgyi Hivatal (R\u00daVZ) j\u00f3v\u00e1hagy\u00e1sa<\/strong>, elegend\u0151 a <strong>bejelent\u00e9s<\/strong>.<\/span><\/p>\n<p id=\"xjb2y520\" class=\"tAaif jkMRy\"> <\/p>\n<h2 id=\"4urej329\" class=\"WEY7i JS6LT\"><span data-hook=\"foreground-color\"><strong>2. Az \u00e9telsz\u00e1ll\u00edt\u00f3 kocsi felszerel\u00e9s\u00e9re \u00e9s elrendez\u00e9s\u00e9re vonatkoz\u00f3 k\u00f6vetelm\u00e9nyek<\/strong><\/span><\/h2>\n<h3 id=\"pv6gn331\" class=\"_6FiIr JS6LT\"><span data-hook=\"foreground-color\"><strong>(a) Kezel\u00e9si ter\u00fcletek \u00e9s l\u00e9tes\u00edtm\u00e9nyek<\/strong><\/span><\/h3>\n<p id=\"6b3p9333\" class=\"tAaif jkMRy\"><span data-hook=\"foreground-color\">Az \u00e9telkocsit \u00fagy kell kialak\u00edtani, hogy lehet\u0151v\u00e9 tegye az \u00e9telek biztons\u00e1gos elk\u00e9sz\u00edt\u00e9s\u00e9t \u00e9s az \u00f6sszetev\u0151k t\u00e1rol\u00e1s\u00e1t. Ez azt jelenti, hogy: <\/span><\/p>\n<p id=\"usccy335\" class=\"tAaif jkMRy\"><span data-hook=\"foreground-color\">\u2714 Elegend\u0151 sz\u00e1m\u00fa munkafel\u00fclet &#8211; a munkaasztaloknak \u00e9s az el\u0151k\u00e9sz\u00edt\u0151 fel\u00fcleteknek tart\u00f3snak, sim\u00e1nak \u00e9s k\u00f6nnyen tiszt\u00edthat\u00f3nak kell lenni\u00fck. A fel\u00fcleteknek rozsdamentes ac\u00e9lb\u00f3l vagy m\u00e1s nem por\u00f3zus anyagb\u00f3l kell k\u00e9sz\u00fclni\u00fck. <\/span><\/p>\n<p id=\"obyc7605\" class=\"tAaif jkMRy\"><span data-hook=\"foreground-color\">\u2714 H\u0171t\u0151- \u00e9s fagyaszt\u00f3berendez\u00e9sek &#8211; az elk\u00e9sz\u00edtend\u0151 \u00e9lelmiszer t\u00edpus\u00e1hoz kell igazodniuk, \u00e9s lehet\u0151v\u00e9 kell tenni\u00fck az el\u0151\u00edrt h\u0151m\u00e9rs\u00e9kleten t\u00f6rt\u00e9n\u0151 t\u00e1rol\u00e1st (pl. h\u0171t\u00f6tt h\u00fasok +4 \u00b0C-ig, fagyasztott \u00e9lelmiszerek -18 \u00b0C-ig).<\/span><\/p>\n<p id=\"ofqav688\" class=\"tAaif jkMRy\"><span data-hook=\"foreground-color\">\u2714 F\u0151z\u0151berendez\u00e9sek &#8211; meg kell felelni\u00fck a biztons\u00e1gi el\u0151\u00edr\u00e1soknak, \u00e9s lehet\u0151v\u00e9 kell tenni\u00fck a higi\u00e9nikus \u00e9telk\u00e9sz\u00edt\u00e9st a szennyez\u0151d\u00e9s vesz\u00e9lye n\u00e9lk\u00fcl.<\/span><\/p>\n<h3 id=\"qxdge337\" class=\"_6FiIr JS6LT\"><span data-hook=\"foreground-color\"><strong>(b) mos\u00e1si lehet\u0151s\u00e9g \u00e9s v\u00edz<\/strong><\/span><\/h3>\n<p id=\"zyvwj339\" class=\"tAaif jkMRy\"><span data-hook=\"foreground-color\">A l\u00e9tes\u00edtm\u00e9ny tisztas\u00e1g\u00e1nak biztos\u00edt\u00e1s\u00e1hoz elengedhetetlen a megfelel\u0151 mennyis\u00e9g\u0171 mosd\u00f3.<\/span><\/p>\n<p id=\"y0n8c341\" class=\"tAaif jkMRy\"><span data-hook=\"foreground-color\">\u2714 K\u00fcl\u00f6n k\u00e9zmos\u00f3- \u00e9s mosogat\u00f3medenc\u00e9k &#8211; mindegyik medenc\u00e9t hideg \u00e9s melegv\u00edz-ell\u00e1t\u00e1ssal (pl. \u00e1tfoly\u00f3s v\u00edzmeleg\u00edt\u0151vel) kell ell\u00e1tni.<\/span><\/p>\n<p id=\"jt85f775\" class=\"tAaif jkMRy\"><span data-hook=\"foreground-color\">\u2714 Tiszta iv\u00f3v\u00edz &#8211; a telephelyen minden c\u00e9lra (\u00e9telk\u00e9sz\u00edt\u00e9s, tiszt\u00e1lkod\u00e1s, szem\u00e9lyi higi\u00e9nia) biztos\u00edtani kell.<\/span><\/p>\n<p id=\"kbc3i860\" class=\"tAaif jkMRy\"><span data-hook=\"foreground-color\">\u2714 Szennyv\u00edztart\u00e1ly &#8211; nem szabad az utc\u00e1ra \u00f6nteni, az eg\u00e9szs\u00e9g\u00fcgyi el\u0151\u00edr\u00e1soknak megfelel\u0151en kell \u00e1rtalmatlan\u00edtani.<\/span><\/p>\n<h3 id=\"ha5pr343\" class=\"_6FiIr JS6LT\"><span data-hook=\"foreground-color\"><strong>(c) A keresztszennyez\u0151d\u00e9s megel\u0151z\u00e9se<\/strong><\/span><\/h3>\n<p id=\"avi5y345\" class=\"tAaif jkMRy\"><span data-hook=\"foreground-color\">\u2714 K\u00fcl\u00f6n z\u00f3n\u00e1k a nyersanyagok \u00e9s a k\u00e9sz\u00e9telek sz\u00e1m\u00e1ra &#8211; ez megakad\u00e1lyozza a bakt\u00e9riumok \u00e1tvitel\u00e9t a nyers h\u00fas, a z\u00f6lds\u00e9gek \u00e9s a k\u00e9sz\u00e9telek k\u00f6z\u00f6tt.<\/span><\/p>\n<p id=\"kpwqe948\" class=\"tAaif jkMRy\"><span data-hook=\"foreground-color\">\u2714 K\u00fcl\u00f6n ed\u00e9nyek \u00e9s eszk\u00f6z\u00f6k a k\u00fcl\u00f6nb\u00f6z\u0151 t\u00edpus\u00fa \u00e9lelmiszerekhez &#8211; pl. k\u00fcl\u00f6n v\u00e1g\u00f3deszk\u00e1k a h\u00fashoz \u00e9s a z\u00f6lds\u00e9gekhez. <\/span><\/p>\n<p id=\"x5gsa1035\" class=\"tAaif jkMRy\"><span data-hook=\"foreground-color\">\u2714 A nyersanyagok \u00e9s a k\u00e9sz \u00e9lelmiszerek j\u00f3l \u00e1tgondolt \u00e1raml\u00e1sa &#8211; egyir\u00e1ny\u00fa \u00fat, amely minimaliz\u00e1lja a szennyez\u0151d\u00e9s kock\u00e1zat\u00e1t.<\/span><\/p>\n<p id=\"y2efe1123\" class=\"tAaif jkMRy\"> <\/p>\n<h2 id=\"opbbl347\" class=\"WEY7i JS6LT\"><span data-hook=\"foreground-color\"><strong>3. A munkav\u00e1llal\u00f3k szem\u00e9lyes higi\u00e9ni\u00e1jaA munkav\u00e1llal\u00f3k szem\u00e9lyes higi\u00e9ni\u00e1j\u00e1nak betart\u00e1sa a higi\u00e9nikus m\u0171k\u00f6d\u00e9s el\u0151felt\u00e9tele.<\/strong><\/span><\/h2>\n<p id=\"mc8m2349\" class=\"tAaif jkMRy\"><span data-hook=\"foreground-color\">\u2714 <strong>V\u00e9d\u0151 munkaruh\u00e1zat<\/strong> &#8211; tiszta ruh\u00e1zat, keszty\u0171 \u00e9s fejfed\u0151.<\/span><\/p>\n<p id=\"gilbr1214\" class=\"tAaif jkMRy\"><span data-hook=\"foreground-color\">\u2714 <strong>K\u00e9zfert\u0151tlen\u00edt\u00e9s<\/strong> &#8211; rendszeres mos\u00e1s \u00e9s fert\u0151tlen\u00edt\u00e9s, k\u00fcl\u00f6n\u00f6sen a nyersanyagok kezel\u00e9se ut\u00e1n.<\/span><\/p>\n<p id=\"vytbq1305\" class=\"tAaif jkMRy\"><span data-hook=\"foreground-color\">\u2714 <strong>Betegs\u00e9g eset\u00e9n az \u00e9lelmiszerek kezel\u00e9s\u00e9nek tilalma<\/strong> &#8211; a fert\u0151z\u0151 betegs\u00e9gben szenved\u0151 alkalmazottak nem kezelhetik az \u00e9lelmiszereket.<\/span><\/p>\n<p id=\"4frzq1397\" class=\"tAaif jkMRy\"> <\/p>\n<h2 id=\"81bel357\" class=\"WEY7i JS6LT\"><span data-hook=\"foreground-color\"><strong>4. Hullad\u00e9kgazd\u00e1lkod\u00e1s \u00e9s -kezel\u00e9s<\/strong><\/span><\/h2>\n<p id=\"fh0dx359\" class=\"tAaif jkMRy\"><span data-hook=\"foreground-color\">\u2714 Rendszeres hullad\u00e9kelt\u00e1vol\u00edt\u00e1s &#8211; a hullad\u00e9kgy\u0171jt\u0151ket le kell z\u00e1rni \u00e9s a munkater\u00fcleten k\u00edv\u00fcl kell elhelyezni.<\/span><\/p>\n<p id=\"iwic11488\" class=\"tAaif jkMRy\"><span data-hook=\"foreground-color\">\u2714 A helyis\u00e9gek tiszt\u00edt\u00e1sa \u00e9s fert\u0151tlen\u00edt\u00e9se &#8211; a munkafel\u00fcleteket, a padl\u00f3t, a szersz\u00e1mokat \u00e9s a berendez\u00e9seket naponta le kell mosni \u00e9s fert\u0151tlen\u00edteni kell.<\/span><\/p>\n<p id=\"3avpx1579\" class=\"tAaif jkMRy\"><span data-hook=\"foreground-color\">\u2714 Hullad\u00e9k sz\u00e9tv\u00e1laszt\u00e1sa &#8211; a hullad\u00e9kok sz\u00e9tv\u00e1laszt\u00e1sa (m\u0171anyag, szerves hullad\u00e9k, \u00fcveg) aj\u00e1nlott.<\/span><\/p>\n<p id=\"f6uae3692\" class=\"tAaif jkMRy\"> <\/p>\n<h2 id=\"6xooh361\" class=\"WEY7i JS6LT\"><span data-hook=\"foreground-color\"><strong>5. Sz\u00fcks\u00e9ges enged\u00e9lyek \u00e9s regisztr\u00e1ci\u00f3<\/strong><\/span><\/h2>\n<p id=\"34a63363\" class=\"tAaif jkMRy\"><span data-hook=\"foreground-color\">Sz\u00e1mos jogszab\u00e1lyi \u00e9s higi\u00e9niai k\u00f6vetelm\u00e9nynek kell megfelelni a mobil vend\u00e9gl\u00e1t\u00e1s elind\u00edt\u00e1sa el\u0151tt.  <strong>A szab\u00e1lyok betart\u00e1sa biztos\u00edtja az \u00e9telsz\u00e1ll\u00edt\u00f3 teheraut\u00f3 zavartalan m\u0171k\u00f6d\u00e9s\u00e9t, \u00e9s elker\u00fcli az esetleges b\u00fcntet\u00e9seket.<\/strong><\/span><\/p>\n<p id=\"6uzue3943\" class=\"tAaif jkMRy\"> <\/p>\n<h3 id=\"kj8yt3796\" class=\"_6FiIr JS6LT\"><span data-hook=\"foreground-color\"><strong>1. A l\u00e9tes\u00edtm\u00e9ny bejegyz\u00e9se a Region\u00e1lis K\u00f6zeg\u00e9szs\u00e9g\u00fcgyi Hivataln\u00e1l (R\u00daVZ)<\/strong><\/span><\/h3>\n<div>\n<ul id=\"et5323798\" class=\"Fej5o\">\n<li id=\"xncz53799\" class=\"o0KrB\" dir=\"auto\">\n<p id=\"ktry63800\" class=\"tAaif jkMRy\"><span data-hook=\"foreground-color\">A mozg\u00f3\u00e1rus\u00edt\u00e1shoz \u00e9s a mozg\u00f3 vend\u00e9gl\u00e1t\u00e1shoz <strong>nem sz\u00fcks\u00e9ges a R\u00daVZ j\u00f3v\u00e1hagy\u00e1sa<\/strong>, de <strong>elegend\u0151 a bejelent\u00e9s<\/strong>.<\/span><\/p>\n<\/li>\n<li id=\"mkd8v3806\" class=\"o0KrB\" dir=\"auto\">\n<p id=\"ma9lu3807\" class=\"tAaif jkMRy\"><span data-hook=\"foreground-color\"><strong>K\u00f6telez\u0151 HACCP-tervvel rendelkezni<\/strong>, amely tartalmazza:\u2714 <strong>\u00dczemeltet\u00e9si elj\u00e1r\u00e1s<\/strong> &#8211; az \u00e9lelmiszerek kezel\u00e9s\u00e9nek le\u00edr\u00e1sa\u2714 <strong>Higi\u00e9niai elj\u00e1r\u00e1s<\/strong> &#8211; az \u00fczem tiszt\u00edt\u00e1s\u00e1ra, fert\u0151tlen\u00edt\u00e9s\u00e9re \u00e9s karbantart\u00e1s\u00e1ra vonatkoz\u00f3 terv<\/span><\/p>\n<\/li>\n<\/ul>\n<\/div>\n<h3 id=\"wogxn3814\" class=\"_6FiIr JS6LT\"><span data-hook=\"foreground-color\"><strong>2. Kereskedelmi enged\u00e9ly<\/strong><\/span><\/h3>\n<div>\n<ul id=\"hcc793816\" class=\"Fej5o\">\n<li id=\"jnuj53817\" class=\"o0KrB\" dir=\"auto\">\n<p id=\"rjxgx3818\" class=\"tAaif jkMRy\"><span data-hook=\"foreground-color\">Ahhoz, hogy \u00e9telkocsit \u00fczemeltessen, <strong>be<\/strong> kell <strong>jelentenie v\u00e1llalkoz\u00e1s\u00e1t az illet\u00e9kes Kereskedelmi Enged\u00e9lyez\u00e9si Hivataln\u00e1l<\/strong>.<\/span><\/p>\n<\/li>\n<\/ul>\n<\/div>\n<h3 id=\"y63wx3822\" class=\"_6FiIr JS6LT\"><span data-hook=\"foreground-color\"><strong>3. A telep\u00fcl\u00e9sen t\u00f6rt\u00e9n\u0151 \u00e9rt\u00e9kes\u00edt\u00e9s enged\u00e9lyez\u00e9se<\/strong><\/span><\/h3>\n<div>\n<ul id=\"5eauv3824\" class=\"Fej5o\">\n<li id=\"ww2jt3825\" class=\"o0KrB\" dir=\"auto\">\n<p id=\"1lf6s3826\" class=\"tAaif jkMRy\"><span data-hook=\"foreground-color\">Miel\u0151tt \u00e9telkocsit helyezne el, <strong>enged\u00e9lyt kell k\u00e9rnie a v\u00e1rost\u00f3l vagy telep\u00fcl\u00e9st\u0151l<\/strong>, ahol \u00fczleti tev\u00e9kenys\u00e9get tervez.<\/span><\/p>\n<\/li>\n<\/ul>\n<\/div>\n<h3 id=\"y9vg73830\" class=\"_6FiIr JS6LT\"><span data-hook=\"foreground-color\"><strong>4. Ad\u00f3regisztr\u00e1ci\u00f3 \u00e9s eCash<\/strong><\/span><\/h3>\n<div>\n<ul id=\"1ym0g3832\" class=\"Fej5o\">\n<li id=\"lymu03833\" class=\"o0KrB\" dir=\"auto\">\n<p id=\"5kwkn3834\" class=\"tAaif jkMRy\"><span data-hook=\"foreground-color\">A v\u00e1llalkoz\u00f3 k\u00f6teles <strong>regisztr\u00e1lni az ad\u00f3hivataln\u00e1l<\/strong>, \u00e9s az <strong>eKasa p\u00e9nzt\u00e1rg\u00e9pen<\/strong> kereszt\u00fcl r\u00f6gz\u00edteni az elad\u00e1sokat.<\/span><\/p>\n<\/li>\n<\/ul>\n<\/div>\n<h3 id=\"km4yu3840\" class=\"_6FiIr JS6LT\"><span data-hook=\"foreground-color\"><strong>5. Szem\u00e9lyzeti k\u00f6vetelm\u00e9nyek<\/strong><\/span><\/h3>\n<p id=\"gumqt3842\" class=\"tAaif jkMRy\"><span data-hook=\"foreground-color\">\u2714 <strong>Eg\u00e9szs\u00e9g\u00fcgyi k\u00e1rtya<\/strong> &#8211; minden munkav\u00e1llal\u00f3nak \u00e9rv\u00e9nyes eg\u00e9szs\u00e9g\u00fcgyi k\u00e1rty\u00e1val kell rendelkeznie ahhoz, hogy \u00e9lelmiszerrel dolgozhasson.\u2714 <strong>Szakmai alkalmass\u00e1g<\/strong> &#8211; a munkav\u00e1llal\u00f3knak rendelkezni\u00fck kell:<\/span><\/p>\n<div>\n<ul id=\"mkovr3848\" class=\"Fej5o\">\n<li id=\"s6jyk3849\" class=\"o0KrB\" dir=\"auto\">\n<p id=\"sqzm83850\" class=\"tAaif jkMRy\"><span data-hook=\"foreground-color\">Gasztron\u00f3miai v\u00e9gzetts\u00e9g igazol\u00e1sa <strong>vagy<\/strong><\/span><\/p>\n<\/li>\n<li id=\"f5w4x3853\" class=\"o0KrB\" dir=\"auto\">\n<p id=\"3fdw23854\" class=\"tAaif jkMRy\"><span data-hook=\"foreground-color\">A <strong>R\u00daVZ<\/strong> \u00e1ltal <strong>sikeres vizsga alapj\u00e1n<\/strong> ki\u00e1ll\u00edtott szakmai alkalmass\u00e1gi bizony\u00edtv\u00e1ny.<\/span><\/p>\n<\/li>\n<\/ul>\n<\/div>\n<p id=\"3d1ht2144\" class=\"tAaif jkMRy\"> <\/p>\n<h2 id=\"91t4t383\" class=\"WEY7i JS6LT\"><span data-hook=\"foreground-color\"><strong>6. HACCP-rendszer &#8211; minden \u00fczemeltet\u0151 k\u00f6teless\u00e9ge<\/strong><\/span><\/h2>\n<p id=\"l2l2q385\" class=\"tAaif jkMRy\"><span data-hook=\"foreground-color\">A HACCP-rendszer az \u00e9lelmiszerbiztons\u00e1g alappill\u00e9re, amely a gasztron\u00f3miai m\u0171veletek kock\u00e1zatainak azonos\u00edt\u00e1s\u00e1ra \u00e9s kik\u00fcsz\u00f6b\u00f6l\u00e9s\u00e9re szolg\u00e1l. Ez mag\u00e1ban foglalja a k\u00f6vetkez\u0151ket: <\/span><\/p>\n<p id=\"4a3ym387\" class=\"tAaif jkMRy\"><span data-hook=\"foreground-color\">\u2714 Kritikus ellen\u0151rz\u00e9si pontok (CCP) meghat\u00e1roz\u00e1sa &#8211; pl. megfelel\u0151 t\u00e1rol\u00e1si h\u0151m\u00e9rs\u00e9klet, az \u00e9lelmiszer h\u0151kezel\u00e9se. <\/span><\/p>\n<p id=\"bukzd2240\" class=\"tAaif jkMRy\"><span data-hook=\"foreground-color\">\u2714 Az ellen\u0151rz\u00e9sek nyilv\u00e1ntart\u00e1sa &#8211; a h\u0171t\u0151szekr\u00e9nyek h\u0151m\u00e9rs\u00e9klet\u00e9nek ellen\u0151rz\u00e9se, a berendez\u00e9sek tiszt\u00edt\u00e1sa.<\/span><\/p>\n<p id=\"q20rm2335\" class=\"tAaif jkMRy\"><span data-hook=\"foreground-color\">\u2714 Munkav\u00e1llal\u00f3k k\u00e9pz\u00e9se &#8211; rendszeres k\u00e9pz\u00e9s a higi\u00e9niai el\u0151\u00edr\u00e1sokr\u00f3l.<strong>Ne feledkezzen meg a HACCP-r\u0151l \u00e9s a higi\u00e9niai el\u0151\u00edr\u00e1sokr\u00f3l! \ud83d\udee1\ufe0f <\/strong><\/span><\/p>\n<p id=\"kfa7i390\" class=\"tAaif jkMRy\"> <\/p>\n<p id=\"f5f0g2432\" class=\"tAaif jkMRy\"><span data-hook=\"foreground-color\">Minden \u00e9lelmiszer-ut\u00e1nfut\u00f3nak meg kell felelnie a szigor\u00fa higi\u00e9niai el\u0151\u00edr\u00e1soknak \u00e9s a HACCP-szabv\u00e1nyoknak, hogy z\u00f6kken\u0151mentesen m\u0171k\u00f6dj\u00f6n, \u00e9s elker\u00fclje a felesleges bonyodalmakat az ellen\u0151rz\u00e9sek sor\u00e1n.<\/span><\/p>\n<p id=\"m9mp8392\" class=\"tAaif jkMRy\"> <\/p>\n<p id=\"c19nq2528\" class=\"tAaif jkMRy\"><span data-hook=\"foreground-color\">Ha <strong>szak\u00e9rt\u0151i tan\u00e1csad\u00e1sra<\/strong> van sz\u00fcks\u00e9ge <strong>a higi\u00e9nia \u00e9s a HACCP ter\u00fclet\u00e9n<\/strong>, javasoljuk, hogy dolgozzon egy\u00fctt a <strong>Food Quality pro-val<\/strong> &#8211; a gasztrov\u00e1llalkoz\u00f3k megb\u00edzhat\u00f3 partner\u00e9vel.<\/span><\/p>\n<p id=\"rvnsl398\" class=\"tAaif jkMRy\"><span data-hook=\"foreground-color\">\ud83d\udccd <strong>Food Quality pro.<\/strong> &#8211; HACCP \u00e9s higi\u00e9nia az \u00e9lelmiszer-ut\u00e1nfut\u00f3hoz<\/span><\/p>\n<p id=\"3tb2y2631\" class=\"tAaif jkMRy\"><span data-hook=\"foreground-color\">\ud83d\udc69\u200d\ud83d\udcbc <strong>Kapcsolat:<\/strong> Koleni\u010dov\u00e1 Katar\u00edna<\/span><\/p>\n<p id=\"b9yl42730\" class=\"tAaif jkMRy\"><span data-hook=\"foreground-color\">\ud83c\udfe2 <strong>C\u00edm:<\/strong> Cesta ml\u00e1de\u017ee 54, 901 01 Malacky<\/span><\/p>\n<p id=\"oyehe2830\" class=\"tAaif jkMRy\"><span data-hook=\"foreground-color\">\ud83d\udcde <strong>Mobil:<\/strong> 0911 958 502<\/span><\/p>\n<p id=\"8ctkf2931\" class=\"tAaif jkMRy\"><span data-hook=\"foreground-color\">\ud83d\udce9 <strong>E-mail:<\/strong> <\/span><a class=\"a98ZZ AaToB\" href=\"mailto:kolenicova@b4s.sk\" target=\"_blank\" rel=\"noopener\" data-hook=\"web-link\"><span data-hook=\"foreground-color\"><u>kolenicova@b4s.sk<\/u><\/span><\/a><\/p>\n<p id=\"xc7233034\" class=\"tAaif jkMRy\"><span data-hook=\"foreground-color\">\ud83c\udf0d <strong>Web:<\/strong> <\/span><a class=\"a98ZZ AaToB\" href=\"http:\/\/www.b4s.sk\" target=\"_blank\" rel=\"noopener\" data-hook=\"web-link\"><span data-hook=\"foreground-color\"><u>www.b4s.sk<\/u><\/span><\/a><\/p>\n<p id=\"u09ai413\" class=\"tAaif jkMRy\"><span data-hook=\"foreground-color\">\ud83d\udca1 <strong>Szeretn\u00e9 biztos\u00edtani, hogy az \u00e9lelmiszer-ut\u00e1nfut\u00f3ja megfeleljen a higi\u00e9niai el\u0151\u00edr\u00e1soknak?<\/strong> Vegye fel a kapcsolatot a Food Quality pro-val. \u00e9s k\u00e9rjen szakmai tan\u00e1csot! <\/span><\/p>\n<p id=\"5jv4x3142\" class=\"tAaif jkMRy\"> <\/p>\n<h2 id=\"ep71w417\" class=\"WEY7i JS6LT\"><span data-hook=\"foreground-color\"><strong>K\u00f6vetkeztet\u00e9s<\/strong><\/span><\/h2>\n<p id=\"35eom419\" class=\"tAaif jkMRy\"><span data-hook=\"foreground-color\">Szlov\u00e1ki\u00e1ban az \u00e9telkamion vagy gasztro ut\u00e1nfut\u00f3 \u00fczemeltet\u00e9se szigor\u00fa higi\u00e9niai el\u0151\u00edr\u00e1sok betart\u00e1s\u00e1t k\u00f6veteli meg. A siker kulcsa a j\u00f3l megtervezett elrendez\u00e9s, a tisztas\u00e1g, a min\u0151s\u00e9gi \u00e9lelmiszer-t\u00e1rol\u00e1s \u00e9s a szem\u00e9lyi higi\u00e9niai szab\u00e1lyok betart\u00e1sa. Ha azt tervezi, hogy bel\u00e9p a mobil gasztron\u00f3mia vil\u00e1g\u00e1ba, gy\u0151z\u0151dj\u00f6n meg r\u00f3la, hogy alaposan ismeri az \u00f6sszes k\u00f6vetelm\u00e9nyt, hogy elker\u00fclhesse a probl\u00e9m\u00e1kat, \u00e9s elfoglalhassa mag\u00e1t azzal, hogy remek \u00e9teleket szolg\u00e1ljon fel a v\u00e1s\u00e1rl\u00f3inak. \ud83c\udf54\ud83d\ude9a   <\/span><\/p>\t\t\t\t\t\t\t\t<\/div>\n\t\t\t\t<\/div>\n\t\t\t\t\t<\/div>\n\t\t\t\t<\/div>\n\t\t\t\t<\/div>\n\t\t","protected":false},"excerpt":{"rendered":"<p>Az olyan mobil vend\u00e9gl\u00e1t\u00f3ipari l\u00e9tes\u00edtm\u00e9nyek, mint az \u00e9telkocsik \u00e9s az \u00e9lelmiszer-ut\u00e1nfut\u00f3k egyre n\u00e9pszer\u0171bbek a vend\u00e9gl\u00e1t\u00f3ipari v\u00e1llalkoz\u00f3k k\u00f6r\u00e9ben. A rugalmas helysz\u00edn<\/p>\n","protected":false},"author":1,"featured_media":33046,"comment_status":"open","ping_status":"open","sticky":false,"template":"","format":"standard","meta":{"footnotes":""},"categories":[203],"tags":[],"table_tags":[],"class_list":["post-35065","post","type-post","status-publish","format-standard","has-post-thumbnail","hentry","category-uncategorized-hu"],"_links":{"self":[{"href":"https:\/\/gastronova.eu\/hu\/wp-json\/wp\/v2\/posts\/35065","targetHints":{"allow":["GET"]}}],"collection":[{"href":"https:\/\/gastronova.eu\/hu\/wp-json\/wp\/v2\/posts"}],"about":[{"href":"https:\/\/gastronova.eu\/hu\/wp-json\/wp\/v2\/types\/post"}],"author":[{"embeddable":true,"href":"https:\/\/gastronova.eu\/hu\/wp-json\/wp\/v2\/users\/1"}],"replies":[{"embeddable":true,"href":"https:\/\/gastronova.eu\/hu\/wp-json\/wp\/v2\/comments?post=35065"}],"version-history":[{"count":1,"href":"https:\/\/gastronova.eu\/hu\/wp-json\/wp\/v2\/posts\/35065\/revisions"}],"predecessor-version":[{"id":35066,"href":"https:\/\/gastronova.eu\/hu\/wp-json\/wp\/v2\/posts\/35065\/revisions\/35066"}],"wp:featuredmedia":[{"embeddable":true,"href":"https:\/\/gastronova.eu\/hu\/wp-json\/wp\/v2\/media\/33046"}],"wp:attachment":[{"href":"https:\/\/gastronova.eu\/hu\/wp-json\/wp\/v2\/media?parent=35065"}],"wp:term":[{"taxonomy":"category","embeddable":true,"href":"https:\/\/gastronova.eu\/hu\/wp-json\/wp\/v2\/categories?post=35065"},{"taxonomy":"post_tag","embeddable":true,"href":"https:\/\/gastronova.eu\/hu\/wp-json\/wp\/v2\/tags?post=35065"},{"taxonomy":"table_tags","embeddable":true,"href":"https:\/\/gastronova.eu\/hu\/wp-json\/wp\/v2\/table_tags?post=35065"}],"curies":[{"name":"wp","href":"https:\/\/api.w.org\/{rel}","templated":true}]}}