{"id":40824,"date":"2026-01-10T09:10:08","date_gmt":"2026-01-10T08:10:08","guid":{"rendered":"https:\/\/gastronova.eu\/gaz-a-gasztro-utanfutoban-vagy-food-truckban-mikor-eri-meg-hogyan-oldd-meg-biztonsagosan-es-mit-erdemes-elore-atgondolni\/"},"modified":"2026-05-15T13:16:41","modified_gmt":"2026-05-15T11:16:41","slug":"gaz-a-gasztro-utanfutoban-vagy-food-truckban-mikor-eri-meg-hogyan-oldd-meg-biztonsagosan-es-mit-erdemes-elore-atgondolni","status":"publish","type":"post","link":"https:\/\/gastronova.eu\/hu\/gaz-a-gasztro-utanfutoban-vagy-food-truckban-mikor-eri-meg-hogyan-oldd-meg-biztonsagosan-es-mit-erdemes-elore-atgondolni\/","title":{"rendered":"G\u00e1z a gasztro ut\u00e1nfut\u00f3ban vagy food truckban: mikor \u00e9ri meg, hogyan oldd meg biztons\u00e1gosan, \u00e9s mit \u00e9rdemes el\u0151re \u00e1tgondolni"},"content":{"rendered":"\t\t<div data-elementor-type=\"wp-post\" data-elementor-id=\"40824\" class=\"elementor elementor-40824 elementor-39262\" data-elementor-post-type=\"post\">\n\t\t\t\t<div class=\"wd-negative-gap elementor-element elementor-element-dc0cee8 e-flex e-con-boxed e-con e-parent\" data-id=\"dc0cee8\" data-element_type=\"container\">\n\t\t\t\t\t<div class=\"e-con-inner\">\n\t\t\t\t<div class=\"elementor-element elementor-element-1492403 elementor-widget elementor-widget-wd_text_block\" data-id=\"1492403\" data-element_type=\"widget\" data-widget_type=\"wd_text_block.default\">\n\t\t\t\t<div class=\"elementor-widget-container\">\n\t\t\t\t\t\t\t<div class=\"wd-text-block reset-last-child text-left\">\n\t\t\t\n\t\t\t<p><span style=\"font-weight: 400;\">A g\u00e1z (leggyakrabban prop\u00e1n \/ prop\u00e1n-but\u00e1n) a gasztro ut\u00e1nfut\u00f3ban vagy food truckban az egyik legpraktikusabb m\u00f3dja annak, hogy cs\u00f6kkentsd az \u00e1ramig\u00e9nyt \u00e9s n\u00f6veld az \u00f6nell\u00e1t\u00e1st az esem\u00e9nyeken. Ugyanakkor igaz, hogy g\u00e1zn\u00e1l nem \u00e9ri meg improviz\u00e1lni \u2013 a rendszer helyes megtervez\u00e9se, a palackok biztons\u00e1gos elhelyez\u00e9se, a min\u0151s\u00e9gi alkatr\u00e9szek \u00e9s a rendszeres ellen\u0151rz\u00e9s az alap. <\/span><\/p><h2><b>Mi\u00e9rt \u00e9rdemes egy\u00e1ltal\u00e1n g\u00e1zzal foglalkozni?<\/b><\/h2><p><span style=\"font-weight: 400;\">Fesztiv\u00e1lokon \u00e9s v\u00e1s\u00e1rokon az \u00e1ram gyakran korl\u00e1tozott, dr\u00e1ga vagy instabil. A g\u00e1z lehet\u0151v\u00e9 teszi, hogy a nagy fogyaszt\u00f3kat kividd az elektromos h\u00e1l\u00f3zatr\u00f3l (f\u0151z\u00e9s, meleg\u00edt\u00e9s), \u00e9s az \u00e1ramot meghagyd h\u0171t\u00e9sre, vil\u00e1g\u00edt\u00e1sra, POS-ra \u00e9s az \u00e9rz\u00e9keny berendez\u00e9sekre. Az eredm\u00e9ny egyszer\u0171bb \u201epower management\u201d \u00e9s kevesebb stressz \u00fczemeltet\u00e9s k\u00f6zben.  <\/span><\/p><p><span style=\"font-weight: 400;\">Tov\u00e1bbi el\u0151ny az \u00f6nell\u00e1t\u00e1s. Ha a g\u00e1zrendszer j\u00f3l van megtervezve, a gyakorlatban gyakran el\u00e9g egy kisebb gener\u00e1tor, vagy csak minim\u00e1lis elektromos csatlakoz\u00e1s. <\/span><\/p><h2><b>Mikor \u00e9ri meg legink\u00e1bb a g\u00e1z a gasztro ut\u00e1nfut\u00f3ban vagy food truckban<\/b><\/h2><p><span style=\"font-weight: 400;\">A g\u00e1z akkor a leghasznosabb, ha:<\/span><\/p><ul><li style=\"font-weight: 400;\" aria-level=\"1\"><span style=\"font-weight: 400;\">melegkonyh\u00e1t csin\u00e1lsz (grill, plancha, frit\u0151z, wok, f\u0151z\u00e9s),<\/span><\/li><li style=\"font-weight: 400;\" aria-level=\"1\"><span style=\"font-weight: 400;\">stabil teljes\u00edtm\u00e9nyre van sz\u00fcks\u00e9ged an\u00e9lk\u00fcl, hogy extr\u00e9m er\u0151s csatlakoz\u00e1st kellene megoldanod,<\/span><\/li><li style=\"font-weight: 400;\" aria-level=\"1\"><span style=\"font-weight: 400;\">olyan eventekre j\u00e1rsz, ahol az \u00e1ram limit\u00e1lt vagy dr\u00e1ga,<\/span><\/li><li style=\"font-weight: 400;\" aria-level=\"1\"><span style=\"font-weight: 400;\">cs\u00f6kkenteni akarod a cs\u00facsterhel\u00e9seket, \u00e9s minimaliz\u00e1lni a biztos\u00edt\u00e9kok leold\u00e1s\u00e1nak kock\u00e1zat\u00e1t.<\/span><\/li><\/ul><p><span style=\"font-weight: 400;\">Ezzel szemben azokn\u00e1l a koncepci\u00f3kn\u00e1l, ahol a h\u0171t\u00e9s, a j\u00e9g \u00e9s a k\u00e1v\u00e9g\u00e9p domin\u00e1l (k\u00e1v\u00e9z\u00f3, b\u00e1r), a g\u00e1z lehet kieg\u00e9sz\u00edt\u0151, vagy egy\u00e1ltal\u00e1n nem is sz\u00fcks\u00e9ges \u2013 a l\u00e9nyeg a j\u00f3 min\u0151s\u00e9g\u0171 \u00e1ram \u00e9s az \u00e1ramk\u00f6r\u00f6k \u00e9sszer\u0171 eloszt\u00e1sa.<\/span><\/p><h2><b>A leggyakoribb g\u00e1z\u00fczem\u0171 berendez\u00e9sek mobil \u00fczemeltet\u00e9sben<\/b><\/h2><p><span style=\"font-weight: 400;\">Gasztro ut\u00e1nfut\u00f3ban vagy food truckban a g\u00e1zt leggyakrabban ezekhez haszn\u00e1lj\u00e1k:<\/span><\/p><ul><li style=\"font-weight: 400;\" aria-level=\"1\"><span style=\"font-weight: 400;\">grillekhez \u00e9s planch\u00e1hoz,<\/span><\/li><li style=\"font-weight: 400;\" aria-level=\"1\"><span style=\"font-weight: 400;\">g\u00e1zos frit\u0151z\u00f6kh\u00f6z,<\/span><\/li><li style=\"font-weight: 400;\" aria-level=\"1\"><span style=\"font-weight: 400;\">t\u0171zhelyekhez \u00e9s wok \u00e9g\u0151kh\u00f6z,<\/span><\/li><li style=\"font-weight: 400;\" aria-level=\"1\"><span style=\"font-weight: 400;\">a koncepci\u00f3 t\u00edpus\u00e1t\u00f3l f\u00fcgg\u0151 egy\u00e9b meleg\u00edt\u00e9sekhez.<\/span><\/li><\/ul><p><span style=\"font-weight: 400;\">A berendez\u00e9sek kiv\u00e1laszt\u00e1sa mindig a men\u00fcb\u0151l \u00e9s a munkafolyamatb\u00f3l induljon ki, ne ford\u00edtva. Ha a koncepci\u00f3 j\u00f3l van be\u00e1ll\u00edtva, a g\u00e1z jelent\u0151sen leegyszer\u0171s\u00edtheti az \u00fczemeltet\u00e9st \u00e9s a logisztik\u00e1t is. <\/span><\/p><h2><b>Palackok elhelyez\u00e9se: mi\u00e9rt jobb a bels\u0151 t\u00e9r helyett egy k\u00fcls\u0151 doboz<\/b><\/h2><p><span style=\"font-weight: 400;\">Mobil \u00fczemeltet\u00e9sben bevett \u00e9s praktikus megold\u00e1s, hogy a g\u00e1zpalackok a bels\u0151 t\u00e9ren k\u00edv\u00fcl, k\u00fcl\u00f6n szell\u0151z\u0151 helyen legyenek. A Gastronov\u00e1n\u00e1l ezt a von\u00f3r\u00fadra szerelt, k\u00fcls\u0151 dobozzal oldjuk meg a bels\u0151 t\u00e9ren k\u00edv\u00fcl, jellemz\u0151en k\u00e9t 10 kg-os palackhoz. Ez a megold\u00e1s biztons\u00e1gos, praktikus a palackcser\u00e9hez, \u00e9s seg\u00edt tiszt\u00e1n tartani a bels\u0151 teret felesleges kock\u00e1zatok n\u00e9lk\u00fcl.  <\/span><\/p><h2><b>Szab\u00e1lyoz\u00e1s \u00e9s alkatr\u00e9szek: mi a fontos<\/b><\/h2><p><span style=\"font-weight: 400;\">A szab\u00e1lyoz\u00e1s c\u00e9lja, hogy stabil \u00e9s biztons\u00e1gos g\u00e1zell\u00e1t\u00e1s legyen a berendez\u00e9sek fel\u00e9, \u00e9s k\u00f6zben praktikus maradjon az \u00fczemeltet\u00e9s az eventeken. Ez\u00e9rt gyakran k\u00e9tpalackos szab\u00e1lyoz\u00f3t haszn\u00e1lnak, ami megk\u00f6nny\u00edti a m\u0171k\u00f6d\u00e9st palackcsere vagy palackok k\u00f6zti \u00e1tv\u00e1lt\u00e1s eset\u00e9n. <\/span><\/p><p><span style=\"font-weight: 400;\">\u00d6ssze\u00e1ll\u00edt\u00e1sainkban min\u0151s\u00e9gi g\u00e1zvezet\u00e9keket haszn\u00e1lunk, \u00e9s a gyakorlatban bev\u00e1ltak n\u00e1lunk a <\/span><b>rozsdamentes ac\u00e9l fonott g\u00e1z flexibilis t\u00f6ml\u0151k <\/b><b>650\u00b0C-os t\u0171z\u00e1ll\u00f3s\u00e1ggal.<\/b><\/p>\n\t\t\t\t\t<\/div>\n\t\t\t\t\t\t<\/div>\n\t\t\t\t<\/div>\n\t\t\t\t\t<\/div>\n\t\t\t\t<\/div>\n\t\t<div class=\"wd-negative-gap elementor-element elementor-element-33c5e09 e-flex e-con-boxed e-con e-parent\" data-id=\"33c5e09\" data-element_type=\"container\">\n\t\t\t\t\t<div class=\"e-con-inner\">\n\t\t<div class=\"elementor-element elementor-element-246ef64 e-con-full e-flex e-con e-child\" data-id=\"246ef64\" data-element_type=\"container\">\n\t\t\t\t<div class=\"elementor-element elementor-element-f05daeb elementor-widget elementor-widget-wd_image_or_svg\" data-id=\"f05daeb\" data-element_type=\"widget\" data-widget_type=\"wd_image_or_svg.default\">\n\t\t\t\t<div class=\"elementor-widget-container\">\n\t\t\t\t\t\n\t\t<div class=\"wd-image text-center photoswipe-images\">\n\t\t\t\t\t\t\t<a  href=\"https:\/\/gastronova.eu\/wp-content\/uploads\/2026\/01\/kabel.png\"data-width=\"300\" data-height=\"300\" data-elementor-open-lightbox=\"no\" aria-label=\"K\u00e9p link\">\n\t\t\t\t\t\t\t\t<img fetchpriority=\"high\" decoding=\"async\" width=\"300\" height=\"300\" src=\"https:\/\/gastronova.eu\/wp-content\/uploads\/2026\/01\/kabel.png\" class=\"attachment-full size-full\" alt=\"\" srcset=\"https:\/\/gastronova.eu\/wp-content\/uploads\/2026\/01\/kabel.png 300w, https:\/\/gastronova.eu\/wp-content\/uploads\/2026\/01\/kabel-150x150.png 150w\" sizes=\"(max-width: 300px) 100vw, 300px\">\t\t\t\t\t\t\t<\/a>\n\t\t\t\t\t<\/div>\n\n\t\t\t\t\t\t<\/div>\n\t\t\t\t<\/div>\n\t\t\t\t<\/div>\n\t\t<div class=\"elementor-element elementor-element-6c445ac e-con-full e-flex e-con e-child\" data-id=\"6c445ac\" data-element_type=\"container\">\n\t\t\t\t<div class=\"elementor-element elementor-element-f06604a elementor-widget elementor-widget-wd_image_or_svg\" data-id=\"f06604a\" data-element_type=\"widget\" data-widget_type=\"wd_image_or_svg.default\">\n\t\t\t\t<div class=\"elementor-widget-container\">\n\t\t\t\t\t\n\t\t<div class=\"wd-image text-left photoswipe-images\">\n\t\t\t\t\t\t\t<a  href=\"https:\/\/gastronova.eu\/wp-content\/uploads\/2026\/01\/dres.jpeg\"data-width=\"1200\" data-height=\"1600\" data-elementor-open-lightbox=\"no\" aria-label=\"K\u00e9p link\">\n\t\t\t\t\t\t\t\t<img decoding=\"async\" width=\"500\" height=\"600\" src=\"https:\/\/gastronova.eu\/wp-content\/uploads\/2026\/01\/dres-500x600.jpeg\" class=\"attachment-500x600 size-500x600\" alt=\"\">\t\t\t\t\t\t\t<\/a>\n\t\t\t\t\t<\/div>\n\n\t\t\t\t\t\t<\/div>\n\t\t\t\t<\/div>\n\t\t\t\t<\/div>\n\t\t\t\t\t<\/div>\n\t\t\t\t<\/div>\n\t\t<div class=\"wd-negative-gap elementor-element elementor-element-138a665 e-flex e-con-boxed e-con e-parent\" data-id=\"138a665\" data-element_type=\"container\">\n\t\t\t\t\t<div class=\"e-con-inner\">\n\t\t\t\t<div class=\"elementor-element elementor-element-0303af5 elementor-widget elementor-widget-wd_text_block\" data-id=\"0303af5\" data-element_type=\"widget\" data-widget_type=\"wd_text_block.default\">\n\t\t\t\t<div class=\"elementor-widget-container\">\n\t\t\t\t\t\t\t<div class=\"wd-text-block reset-last-child text-left\">\n\t\t\t\n\t\t\t<p><span style=\"font-weight: 400;\">A k\u00e9t 10 kg-os palackhoz val\u00f3 k\u00fcls\u0151 dobozba jellemz\u0151en k\u00e9tpalackos szab\u00e1lyoz\u00f3t szerel\u00fcnk, p\u00e9ld\u00e1ul:<\/span><span style=\"font-weight: 400;\"><br><\/span><\/p>\n\t\t\t\t\t<\/div>\n\t\t\t\t\t\t<\/div>\n\t\t\t\t<\/div>\n\t\t\t\t\t<\/div>\n\t\t\t\t<\/div>\n\t\t<div class=\"wd-negative-gap elementor-element elementor-element-248967e e-flex e-con-boxed e-con e-parent\" data-id=\"248967e\" data-element_type=\"container\">\n\t\t\t\t\t<div class=\"e-con-inner\">\n\t\t<div class=\"elementor-element elementor-element-62acda5 e-con-full e-flex e-con e-child\" data-id=\"62acda5\" data-element_type=\"container\">\n\t\t\t\t<div class=\"elementor-element elementor-element-0f2597e elementor-widget elementor-widget-wd_image_or_svg\" data-id=\"0f2597e\" data-element_type=\"widget\" data-widget_type=\"wd_image_or_svg.default\">\n\t\t\t\t<div class=\"elementor-widget-container\">\n\t\t\t\t\t\n\t\t<div class=\"wd-image text-center photoswipe-images\">\n\t\t\t\t\t\t\t<a  href=\"https:\/\/gastronova.eu\/wp-content\/uploads\/2026\/01\/kable.png\"data-width=\"1024\" data-height=\"768\" data-elementor-open-lightbox=\"no\" aria-label=\"K\u00e9p link\">\n\t\t\t\t\t\t\t\t<img decoding=\"async\" width=\"1024\" height=\"768\" src=\"https:\/\/gastronova.eu\/wp-content\/uploads\/2026\/01\/kable.png\" class=\"attachment-full size-full\" alt=\"\" srcset=\"https:\/\/gastronova.eu\/wp-content\/uploads\/2026\/01\/kable.png 1024w, https:\/\/gastronova.eu\/wp-content\/uploads\/2026\/01\/kable-400x300.png 400w, https:\/\/gastronova.eu\/wp-content\/uploads\/2026\/01\/kable-768x576.png 768w, https:\/\/gastronova.eu\/wp-content\/uploads\/2026\/01\/kable-430x323.png 430w, https:\/\/gastronova.eu\/wp-content\/uploads\/2026\/01\/kable-700x525.png 700w, https:\/\/gastronova.eu\/wp-content\/uploads\/2026\/01\/kable-150x113.png 150w\" sizes=\"(max-width: 1024px) 100vw, 1024px\">\t\t\t\t\t\t\t<\/a>\n\t\t\t\t\t<\/div>\n\n\t\t\t\t\t\t<\/div>\n\t\t\t\t<\/div>\n\t\t\t\t<\/div>\n\t\t<div class=\"elementor-element elementor-element-e27a88b e-con-full e-flex e-con e-child\" data-id=\"e27a88b\" data-element_type=\"container\">\n\t\t\t\t<div class=\"elementor-element elementor-element-99ac0b0 elementor-widget elementor-widget-wd_image_or_svg\" data-id=\"99ac0b0\" data-element_type=\"widget\" data-widget_type=\"wd_image_or_svg.default\">\n\t\t\t\t<div class=\"elementor-widget-container\">\n\t\t\t\t\t\n\t\t<div class=\"wd-image text-left photoswipe-images\">\n\t\t\t\t\t\t\t<a  href=\"https:\/\/gastronova.eu\/wp-content\/uploads\/2026\/01\/dacoo.jpeg\"data-width=\"1200\" data-height=\"1600\" data-elementor-open-lightbox=\"no\" aria-label=\"K\u00e9p link\">\n\t\t\t\t\t\t\t\t<img loading=\"lazy\" decoding=\"async\" width=\"500\" height=\"600\" src=\"https:\/\/gastronova.eu\/wp-content\/uploads\/2026\/01\/dacoo-500x600.jpeg\" class=\"attachment-500x600 size-500x600\" alt=\"\">\t\t\t\t\t\t\t<\/a>\n\t\t\t\t\t<\/div>\n\n\t\t\t\t\t\t<\/div>\n\t\t\t\t<\/div>\n\t\t\t\t<\/div>\n\t\t\t\t\t<\/div>\n\t\t\t\t<\/div>\n\t\t<div class=\"wd-negative-gap elementor-element elementor-element-aa32444 e-flex e-con-boxed e-con e-parent\" data-id=\"aa32444\" data-element_type=\"container\">\n\t\t\t\t\t<div class=\"e-con-inner\">\n\t\t\t\t<div class=\"elementor-element elementor-element-cea429d elementor-widget elementor-widget-wd_text_block\" data-id=\"cea429d\" data-element_type=\"widget\" data-widget_type=\"wd_text_block.default\">\n\t\t\t\t<div class=\"elementor-widget-container\">\n\t\t\t\t\t\t\t<div class=\"wd-text-block reset-last-child text-left\">\n\t\t\t\n\t\t\t<h2><b>Biztons\u00e1g a gyakorlatban: mit ne becs\u00fclj al\u00e1<\/b><\/h2><p><span style=\"font-weight: 400;\">G\u00e1zn\u00e1l kulcsfontoss\u00e1g\u00fa minimaliz\u00e1lni a sziv\u00e1rg\u00e1s kock\u00e1zat\u00e1t, \u00e9s egy\u00e9rtelm\u0171 \u00fczemeltet\u00e9si szok\u00e1sokat kialak\u00edtani:<\/span><\/p><ul><li style=\"font-weight: 400;\" aria-level=\"1\"><span style=\"font-weight: 400;\">rendszeresen ellen\u0151rizni a csatlakoz\u00e1sokat, a t\u00f6ml\u0151k \u00e1llapot\u00e1t \u00e9s a szab\u00e1lyoz\u00e1st,<\/span><\/li><li style=\"font-weight: 400;\" aria-level=\"1\"><span style=\"font-weight: 400;\">kidolgozott elj\u00e1r\u00e1st tartani arra az esetre, ha g\u00e1zszagot \u00e9rzel,<\/span><\/li><li style=\"font-weight: 400;\" aria-level=\"1\"><span style=\"font-weight: 400;\">figyelni a megfelel\u0151 szell\u0151z\u00e9sre \u00e9s a palackok biztons\u00e1gos elhelyez\u00e9s\u00e9re h\u0151forr\u00e1sokt\u00f3l t\u00e1vol,<\/span><\/li><li style=\"font-weight: 400;\" aria-level=\"1\"><span style=\"font-weight: 400;\">csak az adott felhaszn\u00e1l\u00e1sra alkalmas, megfelel\u0151 alkatr\u00e9szeket haszn\u00e1lni.<\/span><\/li><\/ul><p><span style=\"font-weight: 400;\">A prop\u00e1n-but\u00e1n nehezebb a leveg\u0151n\u00e9l, ez\u00e9rt sziv\u00e1rg\u00e1s eset\u00e9n a padl\u00f3 k\u00f6zel\u00e9ben meg\u00fclhet. Ez\u00e9rt is fontos a j\u00f3 szell\u0151z\u00e9s \u00e9s a biztons\u00e1gi elemek \u00e9sszer\u0171 elhelyez\u00e9se. <\/span><\/p><h2><b>G\u00e1z vs. \u00e1ram: egyszer\u0171 d\u00f6nt\u00e9s a koncepci\u00f3hoz<\/b><\/h2><p><span style=\"font-weight: 400;\">Ha azon gondolkodsz, hogy be\u00e9p\u00edtsd-e a g\u00e1zt a koncepci\u00f3ba, seg\u00edt egy egyszer\u0171 l\u00e9p\u00e9sr\u0151l l\u00e9p\u00e9sre m\u00f3dszer:<\/span><\/p><ol><li style=\"font-weight: 400;\" aria-level=\"1\"><span style=\"font-weight: 400;\">\u00cdrd \u00f6ssze a cs\u00facsid\u0151ben fut\u00f3 TOP fogyaszt\u00f3kat.<\/span><\/li><li style=\"font-weight: 400;\" aria-level=\"1\"><span style=\"font-weight: 400;\">Ha ezek k\u00f6z\u00f6tt a meleg\u00edt\u00e9sek domin\u00e1lnak (frit\u0151z, grill, s\u00fct\u0151, v\u00edzmeleg\u00edt\u00e9s), a g\u00e1z gyakran a legpraktikusabb m\u00f3dja az \u00e1ramig\u00e9ny cs\u00f6kkent\u00e9s\u00e9nek.<\/span><\/li><li style=\"font-weight: 400;\" aria-level=\"1\"><span style=\"font-weight: 400;\">Ha a h\u0171t\u00e9s, a j\u00e9g \u00e9s a k\u00e1v\u00e9g\u00e9p domin\u00e1l, a l\u00e9nyeg az \u00e1ram lesz, a g\u00e1z pedig lehet kieg\u00e9sz\u00edt\u0151, vagy ak\u00e1r egy\u00e1ltal\u00e1n nem is sz\u00fcks\u00e9ges.<\/span><\/li><\/ol><h2><b>Hogyan oldjuk meg a g\u00e1zt a Gastronov\u00e1n\u00e1l<\/b><\/h2><p><span style=\"font-weight: 400;\">A g\u00e1zt a gasztro ut\u00e1nfut\u00f3ban vagy food truckban mindig a teljes koncepci\u00f3 r\u00e9szek\u00e9nt tervezz\u00fck, hogy az \u00e1rammal, a h\u00e1tt\u00e9rrel \u00e9s a higi\u00e9ni\u00e1val egy\u00fctt is \u00e9rtelmes legyen. G\u00e1zrendszereinket szakszer\u0171en tervezz\u00fck, majd ellen\u0151rizz\u00fck \u2013 az ut\u00e1nfut\u00f3kat elv\u00e9gzett g\u00e1zrendszer-fel\u00fclvizsg\u00e1lattal adjuk \u00e1t. <\/span><\/p><p><span style=\"font-weight: 400;\">Kapcsol\u00f3d\u00f3 szolg\u00e1ltat\u00e1sok \u00e9s hasznos linkek:<\/span><\/p><ul><li style=\"font-weight: 400;\" aria-level=\"1\"><span style=\"font-weight: 400;\">Koncepci\u00f3k: <\/span><a href=\"https:\/\/gastronova.eu\/hu\/fogalmak\/\"><span style=\"font-weight: 400;\">https:\/\/gastronova.eu\/koncepty\/<\/span><\/a><\/li><li style=\"font-weight: 400;\" aria-level=\"1\"><span style=\"font-weight: 400;\">Egyedi gasztro koncepci\u00f3 (Streetfood Service): <\/span><a href=\"https:\/\/gastronova.eu\/hu\/szolgaltatasok\/gastro-koncepcio-testre-szabva\/\"><span style=\"font-weight: 400;\">https:\/\/gastronova.eu\/sluzby\/gastro-koncept-na-mieru\/<\/span><\/a><\/li><li style=\"font-weight: 400;\" aria-level=\"1\"><span style=\"font-weight: 400;\">Higi\u00e9nia: <\/span><a href=\"https:\/\/gastronova.eu\/hu\/szolgaltatasok\/higienia\/?utm_source=chatgpt.com\"><span style=\"font-weight: 400;\">https:\/\/gastronova.eu\/sluzby\/hygiena\/<\/span><\/a><\/li><li style=\"font-weight: 400;\" aria-level=\"1\"><span style=\"font-weight: 400;\">Gasztro felszerel\u00e9s: <\/span><a href=\"https:\/\/gastronova.eu\/hu\/kategoria-produktu\/kiegeszitok\/gasztrofelszereles\/\"><span style=\"font-weight: 400;\">https:\/\/gastronova.eu\/kategoria-produktu\/prislusenstvo-hlavne\/gastro-vybavenie\/<\/span><\/a><\/li><li style=\"font-weight: 400;\" aria-level=\"1\"><span style=\"font-weight: 400;\">Finansz\u00edroz\u00e1s: <\/span><a href=\"https:\/\/gastronova.eu\/hu\/szolgaltatasok\/finanszirozas\/?utm_source=chatgpt.com\"><span style=\"font-weight: 400;\">https:\/\/gastronova.eu\/sluzby\/financovanie\/<\/span><\/a><\/li><\/ul><h2><b>Figyelmeztet\u00e9s<\/b><\/h2><p><span style=\"font-weight: 400;\">Ez a cikk t\u00e1j\u00e9koztat\u00f3 jelleg\u0171. A g\u00e1z kock\u00e1zatos technol\u00f3gia, ez\u00e9rt a g\u00e1zberendez\u00e9sek tervez\u00e9s\u00e9t, szerel\u00e9s\u00e9t, szervizel\u00e9s\u00e9t \u00e9s ellen\u0151rz\u00e9s\u00e9t szakk\u00e9pzett szem\u00e9llyel, valamint az adott \u00fczemeltet\u00e9sre vonatkoz\u00f3 hat\u00e1lyos el\u0151\u00edr\u00e1sok \u00e9s szabv\u00e1nyok szerint kell megoldani. <\/span><\/p><h2><b>Z\u00e1r\u00f3 aj\u00e1nl\u00e1s<\/b><\/h2><p><span style=\"font-weight: 400;\">Ha az ut\u00e1nfut\u00f3ban nagy az elektromos terhel\u00e9s, vagy f\u00fcggetlen szeretn\u00e9l lenni az eventes \u00e1ramt\u00f3l, a g\u00e1z gyakran a legpraktikusabb l\u00e9p\u00e9s. Akkor m\u0171k\u00f6dik a legjobban, ha a rendszert a koncepci\u00f3 \u00e9s a berendez\u00e9sek alapj\u00e1n tervezik meg, biztons\u00e1gosan helyezik el (ide\u00e1lis esetben a bels\u0151 t\u00e9ren k\u00edv\u00fcl, k\u00fcls\u0151 dobozban), min\u0151s\u00e9gi alkatr\u00e9szekb\u0151l \u00e9p\u00edtik, \u00e9s rendszeresen ellen\u0151rzik. Ilyenkor a g\u00e1z n\u00f6veli az \u00fczemeltet\u00e9s stabilit\u00e1s\u00e1t, cs\u00f6kkenti a stresszt, \u00e9s t\u00f6bb lehet\u0151s\u00e9get ad, hogy hol \u00e9s hogyan tudsz \u00e9rt\u00e9kes\u00edteni.  <\/span><\/p><h2><b>GYIK \u2013 G\u00e1z a gasztro ut\u00e1nfut\u00f3ban vagy food truckban (leggyakoribb k\u00e9rd\u00e9sek)<\/b><\/h2><h3><b>1) Mikor \u00e9ri meg igaz\u00e1n a g\u00e1z a gasztro ut\u00e1nfut\u00f3ban vagy food truckban?<\/b><\/h3><p><span style=\"font-weight: 400;\">F\u0151leg akkor, ha az \u00fczemeltet\u00e9sben nagy az elektromos terhel\u00e9s (frit\u0151z, grill, s\u00fct\u0151, v\u00edzmeleg\u00edt\u00e9s), vagy olyan eventekre j\u00e1rsz, ahol az \u00e1ram korl\u00e1tozott vagy dr\u00e1ga. A g\u00e1z cs\u00f6kkenti a kW-cs\u00facsokat \u00e9s n\u00f6veli az \u00f6nell\u00e1t\u00e1st. <\/span><\/p><h3><b>2) Biztons\u00e1gos a g\u00e1z mobil \u00fczemeltet\u00e9sben?<\/b><\/h3><p><span style=\"font-weight: 400;\">Igen, ha a rendszer megfelel\u0151en van megtervezve, szakszer\u0171en telep\u00edtve, rendszeresen ellen\u0151rizve, \u00e9s a palackok a bels\u0151 t\u00e9ren k\u00edv\u00fcl, szell\u0151z\u0151 helyen vannak t\u00e1rolva. A legnagyobb kock\u00e1zat az improviz\u00e1ci\u00f3b\u00f3l, a gyenge min\u0151s\u00e9g\u0171 alkatr\u00e9szekb\u0151l vagy az elhanyagolt ellen\u0151rz\u00e9sb\u0151l ad\u00f3dik. <\/span><\/p><h3><b>3) Mi\u00e9rt jobb a g\u00e1zpalackokat k\u00fcls\u0151 dobozban, a bels\u0151 t\u00e9ren k\u00edv\u00fcl tartani?<\/b><\/h3><p><span style=\"font-weight: 400;\">A k\u00fcls\u0151 doboz praktikus \u00e9s biztons\u00e1gi szempontb\u00f3l is \u00e9sszer\u0171: a palackok a munkat\u00e9rt\u0151l t\u00e1vol vannak, k\u00f6nnyebb cser\u00e9lni \u0151ket, cs\u00f6kken a kock\u00e1zat a bels\u0151 t\u00e9rben, \u00e9s az eg\u00e9sz megold\u00e1s \u00e1tl\u00e1that\u00f3bb az eventes \u00fczemeltet\u00e9shez.<\/span><\/p><h3><b>4) H\u00e1ny g\u00e1zpalackot szok\u00e1s haszn\u00e1lni?<\/b><\/h3><p><span style=\"font-weight: 400;\">A gyakorlatban gyakori megold\u00e1s <\/span><b>k\u00e9t 10 kg-os palack<\/b><span style=\"font-weight: 400;\">, hogy legyen tartal\u00e9kod, \u00e9s ne a legnagyobb cs\u00facsban kelljen cser\u00e9vel foglalkoznod. A konkr\u00e9t ig\u00e9ny a berendez\u00e9sekt\u0151l \u00e9s a f\u0151z\u00e9s intenzit\u00e1s\u00e1t\u00f3l f\u00fcgg. <\/span><\/p><h3><b>5) Mire j\u00f3 a k\u00e9tpalackos szab\u00e1lyoz\u00f3?<\/b><\/h3><p><span style=\"font-weight: 400;\">Egyszer\u0171s\u00edti az \u00fczemeltet\u00e9st \u00e9s n\u00f6veli a komfortot \u2013 k\u00e9t palackn\u00e1l folyamatosabb m\u0171k\u00f6d\u00e9st tudsz megoldani, \u00e9s jobban tervezhet\u0151 a csere. K\u00fcl\u00f6n\u00f6sen praktikus hosszabb eventeken vagy nagyobb fogyaszt\u00e1s\u00fa berendez\u00e9sekn\u00e9l. <\/span><\/p><h3><b>6) Mely berendez\u00e9seket t\u00e1pl\u00e1lj\u00e1k leggyakrabban g\u00e1zzal gasztro ut\u00e1nfut\u00f3ban vagy food truckban?<\/b><\/h3><p><span style=\"font-weight: 400;\">Leggyakrabban grill\/plancha, g\u00e1zos frit\u0151z, t\u0171zhely vagy wok. A g\u00e1z ott \u00e9ri meg, ahol az \u00e1ram extr\u00e9m cs\u00facsokat okozna, vagy miatta nagyon er\u0151s csatlakoz\u00e1st kellene megoldanod. <\/span><\/p><h3><b>7) Hogyan der\u00edtem ki, hogy a koncepci\u00f3mhoz ink\u00e1bb g\u00e1zt vagy \u00e1ramot haszn\u00e1ljak?<\/b><\/h3><p><span style=\"font-weight: 400;\">N\u00e9zd meg a \u201ecs\u00facsid\u0151s TOP fogyaszt\u00f3kat\u201d. Ha a meleg\u00edt\u00e9sek domin\u00e1lnak (frit\u0151z, grill, s\u00fct\u0151, v\u00edzmeleg\u00edt\u00e9s), a g\u00e1z gyakran a legjobb l\u00e9p\u00e9s. Ha a h\u0171t\u00e9s, a j\u00e9g \u00e9s a k\u00e1v\u00e9g\u00e9p domin\u00e1l, a l\u00e9nyeg az \u00e1ram lesz, a g\u00e1z pedig lehet kieg\u00e9sz\u00edt\u0151, vagy ak\u00e1r nem is sz\u00fcks\u00e9ges.  <\/span><\/p><h3><b>8) Mi a leggyakoribb hiba a g\u00e1z haszn\u00e1lat\u00e1n\u00e1l az ut\u00e1nfut\u00f3ban?<\/b><\/h3><p><span style=\"font-weight: 400;\">Leggyakrabban a tervez\u00e9s \u00e9s a karbantart\u00e1s al\u00e1becs\u00fcl\u00e9se: a palackok rossz elhelyez\u00e9se, gyenge min\u0151s\u00e9g\u0171 alkatr\u00e9szek, improviz\u00e1lt k\u00f6t\u00e9sek vagy a rendszer ellen\u0151rz\u00e9s\u00e9nek hi\u00e1nya. Ezek azok a dolgok, amelyek a legrosszabb pillanatban tudnak gondot okozni \u2013 az eventen. <\/span><\/p><h3><b>9) Sz\u00fcks\u00e9gem van fel\u00fclvizsg\u00e1latra a g\u00e1zhoz gasztro ut\u00e1nfut\u00f3ban vagy food truckban?<\/b><\/h3><p><span style=\"font-weight: 400;\">Mobil \u00fczemeltet\u00e9sn\u00e9l \u00e9rdemes a rendszert szakszer\u0171en megterveztetni, ellen\u0151riztetni \u00e9s dokument\u00e1lni. A Gastronov\u00e1n\u00e1l a g\u00e1zrendszereket szakszer\u0171en oldjuk meg, \u00e9s az ut\u00e1nfut\u00f3kat elv\u00e9gzett g\u00e1zrendszer-fel\u00fclvizsg\u00e1lattal adjuk \u00e1t. <\/span><\/p><h3><b>10) Milyen gyakran kell ellen\u0151rizni a g\u00e1zt az ut\u00e1nfut\u00f3ban?<\/b><\/h3><p><span style=\"font-weight: 400;\">Az haszn\u00e1lat intenzit\u00e1s\u00e1t\u00f3l \u00e9s az alkatr\u00e9szek t\u00edpus\u00e1t\u00f3l f\u00fcgg, de a gyakorlatban \u00e9rdemes rendszeres t\u00f6m\u00edtetts\u00e9gi ellen\u0151rz\u00e9st \u00e9s vizu\u00e1lis ellen\u0151rz\u00e9st v\u00e9gezni eventek el\u0151tt (t\u00f6ml\u0151k, csatlakoz\u00e1sok, szab\u00e1lyoz\u00f3), valamint szakszer\u0171 ellen\u0151rz\u00e9st a szervizek aj\u00e1nl\u00e1sai \u00e9s az adott \u00fczemeltet\u00e9sre vonatkoz\u00f3 el\u0151\u00edr\u00e1sok szerinti id\u0151k\u00f6z\u00f6nk\u00e9nt.<\/span><\/p>\n\t\t\t\t\t<\/div>\n\t\t\t\t\t\t<\/div>\n\t\t\t\t<\/div>\n\t\t\t\t\t<\/div>\n\t\t\t\t<\/div>\n\t\t\t\t<\/div>\n\t\t","protected":false},"excerpt":{"rendered":"<p>A g\u00e1z (leggyakrabban prop\u00e1n \/ prop\u00e1n-but\u00e1n) a gasztro ut\u00e1nfut\u00f3ban vagy food truckban az egyik legpraktikusabb m\u00f3dja annak, hogy cs\u00f6kkentsd az<\/p>\n","protected":false},"author":1,"featured_media":39292,"comment_status":"open","ping_status":"open","sticky":false,"template":"","format":"standard","meta":{"footnotes":""},"categories":[203],"tags":[],"table_tags":[],"class_list":["post-40824","post","type-post","status-publish","format-standard","has-post-thumbnail","hentry","category-uncategorized-hu"],"_links":{"self":[{"href":"https:\/\/gastronova.eu\/hu\/wp-json\/wp\/v2\/posts\/40824","targetHints":{"allow":["GET"]}}],"collection":[{"href":"https:\/\/gastronova.eu\/hu\/wp-json\/wp\/v2\/posts"}],"about":[{"href":"https:\/\/gastronova.eu\/hu\/wp-json\/wp\/v2\/types\/post"}],"author":[{"embeddable":true,"href":"https:\/\/gastronova.eu\/hu\/wp-json\/wp\/v2\/users\/1"}],"replies":[{"embeddable":true,"href":"https:\/\/gastronova.eu\/hu\/wp-json\/wp\/v2\/comments?post=40824"}],"version-history":[{"count":1,"href":"https:\/\/gastronova.eu\/hu\/wp-json\/wp\/v2\/posts\/40824\/revisions"}],"predecessor-version":[{"id":40825,"href":"https:\/\/gastronova.eu\/hu\/wp-json\/wp\/v2\/posts\/40824\/revisions\/40825"}],"wp:featuredmedia":[{"embeddable":true,"href":"https:\/\/gastronova.eu\/hu\/wp-json\/wp\/v2\/media\/39292"}],"wp:attachment":[{"href":"https:\/\/gastronova.eu\/hu\/wp-json\/wp\/v2\/media?parent=40824"}],"wp:term":[{"taxonomy":"category","embeddable":true,"href":"https:\/\/gastronova.eu\/hu\/wp-json\/wp\/v2\/categories?post=40824"},{"taxonomy":"post_tag","embeddable":true,"href":"https:\/\/gastronova.eu\/hu\/wp-json\/wp\/v2\/tags?post=40824"},{"taxonomy":"table_tags","embeddable":true,"href":"https:\/\/gastronova.eu\/hu\/wp-json\/wp\/v2\/table_tags?post=40824"}],"curies":[{"name":"wp","href":"https:\/\/api.w.org\/{rel}","templated":true}]}}